{"id":8046,"date":"2023-03-22T10:37:16","date_gmt":"2023-03-22T09:37:16","guid":{"rendered":"https:\/\/nostraigua.cat\/hoy-se-celebra-el-dia-mundial-del-agua-con-el-objetivo-de-crear-conciencia-sobre-la-crisis-mundial-del-agua-y-el-saneamiento\/"},"modified":"2023-03-22T10:37:50","modified_gmt":"2023-03-22T09:37:50","slug":"hoy-se-celebra-el-dia-mundial-del-agua-con-el-objetivo-de-crear-conciencia-sobre-la-crisis-mundial-del-agua-y-el-saneamiento","status":"publish","type":"post","link":"https:\/\/nostraigua.cat\/es\/hoy-se-celebra-el-dia-mundial-del-agua-con-el-objetivo-de-crear-conciencia-sobre-la-crisis-mundial-del-agua-y-el-saneamiento\/","title":{"rendered":"Hoy se celebra el D\u00eda Mundial del Agua con el objetivo de crear conciencia sobre la crisis mundial del agua y el saneamiento"},"content":{"rendered":"<ul>\n<li><strong><img loading=\"lazy\" decoding=\"async\" class=\"size-medium wp-image-8042 alignright\" src=\"https:\/\/nostraigua.cat\/wp-content\/uploads\/2023\/03\/WWD2023_POSTER_SPA-212x300.png\" alt=\"\" width=\"212\" height=\"300\" \/>La campa\u00f1a global \u201cS\u00e9 el cambio\u201d anima a las personas a tomar medidas en sus propias vidas para cambiar la forma en que usan, consumen y gestionan el agua.<\/strong><\/li>\n<\/ul>\n<p>El D\u00eda Mundial del Agua (<a class=\"ext-link wpel-icon-right\" href=\"https:\/\/www.worldwaterday.org\/\" target=\"_blank\" rel=\"noopener nofollow external noreferrer\" data-wpel-link=\"external\">Word Water Day<\/a>) se celebra anualmente el 22 de marzo y la empresa p\u00fablica Nostraigua como entidad de gesti\u00f3n del servicio de agua en el municipio de Mont-roig del Camp se suma a la campa\u00f1a a escala internacional que este a\u00f1o tiene por lema Aceleremos el cambio (Accelerating change). Ese d\u00eda mundial trata de acelerar el cambio para crear conciencia e inspirar acciones para abordar la crisis mundial del agua y el saneamiento.<\/p>\n<p>La campa\u00f1a global \u201cS\u00e9 el cambio\u201d anima a las personas a tomar medidas en sus propias vidas para cambiar la forma en que usan, consumen y gestionan el agua. Este d\u00eda mundial del agua 2023 anima a las personas a que \u201csean el cambio que quieren ver en el mundo\u201d. A partir de una antigua f\u00e1bula procedente del pueblo quechua de Per\u00fa, en la que un colibr\u00ed transporta unas gotas de agua para extinguir un gran incendio, la campa\u00f1a anima a las personas a aportar su granito de arena para contribuir a resolver la crisis de agua y de saneamiento.<\/p>\n<p>El agua afecta a todo el mundo, por lo que se necesita que todos tomemos medidas. Algunas acciones en las que podemos ahorrar agua en nuestro d\u00eda a d\u00eda ser\u00edan hacer duchas m\u00e1s cortas, no dejar correr el grifo al lavarse los dientes o las manos, utilizar lavadoras de bajo consumo, poner reductores en los grifos y cisternas de doble descarga as\u00ed como utilizar sistemas de riego eficientes y utilizar plantas aut\u00f3ctonas. Nuestro agua contribuye al ahorro de agua con campa\u00f1as preventivas de detecci\u00f3n de fugas y con mejoras de la red.<\/p>\n<p>El agua nos afecta a todo el mundo, por eso es necesario tomar medidas. Las acciones que llevamos a cabo, por peque\u00f1as que sean, marcan la diferencia.<\/p>\n<p><strong>#DiaMundialDelAgua<\/strong><\/p>\n","protected":false},"excerpt":{"rendered":"<p>La campa\u00f1a global \u201cS\u00e9 el cambio\u201d anima a las personas a tomar medidas en sus propias vidas para cambiar la forma en que usan, consumen y gestionan el agua. El D\u00eda Mundial del Agua (Word Water Day) se celebra anualmente el 22 de marzo y la empresa p\u00fablica Nostraigua como entidad de gesti\u00f3n del servicio [&hellip;]<\/p>\n","protected":false},"author":4,"featured_media":8042,"comment_status":"closed","ping_status":"closed","sticky":false,"template":"","format":"standard","meta":{"_et_pb_use_builder":"","_et_pb_old_content":"","_et_gb_content_width":"","footnotes":""},"categories":[3],"tags":[],"class_list":["post-8046","post","type-post","status-publish","format-standard","has-post-thumbnail","hentry","category-sin-categorizar"],"yoast_head":"<!-- This site is optimized with the Yoast SEO plugin v27.1.1 - https:\/\/yoast.com\/product\/yoast-seo-wordpress\/ -->\n<title>Hoy se celebra el D\u00eda Mundial del Agua con el objetivo de crear conciencia sobre la crisis mundial del agua y el saneamiento - Nostraigua<\/title>\n<meta name=\"robots\" content=\"index, follow, max-snippet:-1, max-image-preview:large, max-video-preview:-1\" \/>\n<link rel=\"canonical\" href=\"https:\/\/nostraigua.cat\/es\/hoy-se-celebra-el-dia-mundial-del-agua-con-el-objetivo-de-crear-conciencia-sobre-la-crisis-mundial-del-agua-y-el-saneamiento\/\" \/>\n<meta property=\"og:locale\" content=\"es_ES\" \/>\n<meta property=\"og:type\" content=\"article\" \/>\n<meta property=\"og:title\" content=\"Hoy se celebra el D\u00eda Mundial del Agua con el objetivo de crear conciencia sobre la crisis mundial del agua y el saneamiento - Nostraigua\" \/>\n<meta property=\"og:description\" content=\"La campa\u00f1a global \u201cS\u00e9 el cambio\u201d anima a las personas a tomar medidas en sus propias vidas para cambiar la forma en que usan, consumen y gestionan el agua. El D\u00eda Mundial del Agua (Word Water Day) se celebra anualmente el 22 de marzo y la empresa p\u00fablica Nostraigua como entidad de gesti\u00f3n del servicio [&hellip;]\" \/>\n<meta property=\"og:url\" content=\"https:\/\/nostraigua.cat\/es\/hoy-se-celebra-el-dia-mundial-del-agua-con-el-objetivo-de-crear-conciencia-sobre-la-crisis-mundial-del-agua-y-el-saneamiento\/\" \/>\n<meta property=\"og:site_name\" content=\"Nostraigua\" \/>\n<meta property=\"article:published_time\" content=\"2023-03-22T09:37:16+00:00\" \/>\n<meta property=\"article:modified_time\" content=\"2023-03-22T09:37:50+00:00\" \/>\n<meta property=\"og:image\" content=\"https:\/\/nostraigua.cat\/wp-content\/uploads\/2023\/03\/WWD2023_POSTER_SPA.png\" \/>\n\t<meta property=\"og:image:width\" content=\"3509\" \/>\n\t<meta property=\"og:image:height\" content=\"4962\" \/>\n\t<meta property=\"og:image:type\" content=\"image\/png\" \/>\n<meta name=\"author\" content=\"Sandra Mart\u00ednez\" \/>\n<meta name=\"twitter:card\" content=\"summary_large_image\" \/>\n<meta name=\"twitter:label1\" content=\"Escrito por\" \/>\n\t<meta name=\"twitter:data1\" content=\"Sandra Mart\u00ednez\" \/>\n\t<meta name=\"twitter:label2\" content=\"Tiempo de lectura\" \/>\n\t<meta name=\"twitter:data2\" content=\"2 minutos\" \/>\n<script type=\"application\/ld+json\" class=\"yoast-schema-graph\">{\"@context\":\"https:\/\/schema.org\",\"@graph\":[{\"@type\":\"Article\",\"@id\":\"https:\/\/nostraigua.cat\/es\/hoy-se-celebra-el-dia-mundial-del-agua-con-el-objetivo-de-crear-conciencia-sobre-la-crisis-mundial-del-agua-y-el-saneamiento\/#article\",\"isPartOf\":{\"@id\":\"https:\/\/nostraigua.cat\/es\/hoy-se-celebra-el-dia-mundial-del-agua-con-el-objetivo-de-crear-conciencia-sobre-la-crisis-mundial-del-agua-y-el-saneamiento\/\"},\"author\":{\"name\":\"Sandra Mart\u00ednez\",\"@id\":\"https:\/\/nostraigua.cat\/es\/#\/schema\/person\/5f8da8f888199e99d7280df61c46696b\"},\"headline\":\"Hoy se celebra el D\u00eda Mundial del Agua con el objetivo de crear conciencia sobre la crisis mundial del agua y el saneamiento\",\"datePublished\":\"2023-03-22T09:37:16+00:00\",\"dateModified\":\"2023-03-22T09:37:50+00:00\",\"mainEntityOfPage\":{\"@id\":\"https:\/\/nostraigua.cat\/es\/hoy-se-celebra-el-dia-mundial-del-agua-con-el-objetivo-de-crear-conciencia-sobre-la-crisis-mundial-del-agua-y-el-saneamiento\/\"},\"wordCount\":368,\"image\":{\"@id\":\"https:\/\/nostraigua.cat\/es\/hoy-se-celebra-el-dia-mundial-del-agua-con-el-objetivo-de-crear-conciencia-sobre-la-crisis-mundial-del-agua-y-el-saneamiento\/#primaryimage\"},\"thumbnailUrl\":\"https:\/\/nostraigua.cat\/wp-content\/uploads\/2023\/03\/WWD2023_POSTER_SPA.png\",\"articleSection\":[\"Sin categorizar\"],\"inLanguage\":\"es\"},{\"@type\":\"WebPage\",\"@id\":\"https:\/\/nostraigua.cat\/es\/hoy-se-celebra-el-dia-mundial-del-agua-con-el-objetivo-de-crear-conciencia-sobre-la-crisis-mundial-del-agua-y-el-saneamiento\/\",\"url\":\"https:\/\/nostraigua.cat\/es\/hoy-se-celebra-el-dia-mundial-del-agua-con-el-objetivo-de-crear-conciencia-sobre-la-crisis-mundial-del-agua-y-el-saneamiento\/\",\"name\":\"Hoy se celebra el D\u00eda Mundial del Agua con el objetivo de crear conciencia sobre la crisis mundial del agua y el saneamiento - Nostraigua\",\"isPartOf\":{\"@id\":\"https:\/\/nostraigua.cat\/es\/#website\"},\"primaryImageOfPage\":{\"@id\":\"https:\/\/nostraigua.cat\/es\/hoy-se-celebra-el-dia-mundial-del-agua-con-el-objetivo-de-crear-conciencia-sobre-la-crisis-mundial-del-agua-y-el-saneamiento\/#primaryimage\"},\"image\":{\"@id\":\"https:\/\/nostraigua.cat\/es\/hoy-se-celebra-el-dia-mundial-del-agua-con-el-objetivo-de-crear-conciencia-sobre-la-crisis-mundial-del-agua-y-el-saneamiento\/#primaryimage\"},\"thumbnailUrl\":\"https:\/\/nostraigua.cat\/wp-content\/uploads\/2023\/03\/WWD2023_POSTER_SPA.png\",\"datePublished\":\"2023-03-22T09:37:16+00:00\",\"dateModified\":\"2023-03-22T09:37:50+00:00\",\"author\":{\"@id\":\"https:\/\/nostraigua.cat\/es\/#\/schema\/person\/5f8da8f888199e99d7280df61c46696b\"},\"breadcrumb\":{\"@id\":\"https:\/\/nostraigua.cat\/es\/hoy-se-celebra-el-dia-mundial-del-agua-con-el-objetivo-de-crear-conciencia-sobre-la-crisis-mundial-del-agua-y-el-saneamiento\/#breadcrumb\"},\"inLanguage\":\"es\",\"potentialAction\":[{\"@type\":\"ReadAction\",\"target\":[\"https:\/\/nostraigua.cat\/es\/hoy-se-celebra-el-dia-mundial-del-agua-con-el-objetivo-de-crear-conciencia-sobre-la-crisis-mundial-del-agua-y-el-saneamiento\/\"]}]},{\"@type\":\"ImageObject\",\"inLanguage\":\"es\",\"@id\":\"https:\/\/nostraigua.cat\/es\/hoy-se-celebra-el-dia-mundial-del-agua-con-el-objetivo-de-crear-conciencia-sobre-la-crisis-mundial-del-agua-y-el-saneamiento\/#primaryimage\",\"url\":\"https:\/\/nostraigua.cat\/wp-content\/uploads\/2023\/03\/WWD2023_POSTER_SPA.png\",\"contentUrl\":\"https:\/\/nostraigua.cat\/wp-content\/uploads\/2023\/03\/WWD2023_POSTER_SPA.png\",\"width\":3509,\"height\":4962},{\"@type\":\"BreadcrumbList\",\"@id\":\"https:\/\/nostraigua.cat\/es\/hoy-se-celebra-el-dia-mundial-del-agua-con-el-objetivo-de-crear-conciencia-sobre-la-crisis-mundial-del-agua-y-el-saneamiento\/#breadcrumb\",\"itemListElement\":[{\"@type\":\"ListItem\",\"position\":1,\"name\":\"Portada\",\"item\":\"https:\/\/nostraigua.cat\/es\/\"},{\"@type\":\"ListItem\",\"position\":2,\"name\":\"Hoy se celebra el D\u00eda Mundial del Agua con el objetivo de crear conciencia sobre la crisis mundial del agua y el saneamiento\"}]},{\"@type\":\"WebSite\",\"@id\":\"https:\/\/nostraigua.cat\/es\/#website\",\"url\":\"https:\/\/nostraigua.cat\/es\/\",\"name\":\"Nostraigua\",\"description\":\"Nostraigua\",\"potentialAction\":[{\"@type\":\"SearchAction\",\"target\":{\"@type\":\"EntryPoint\",\"urlTemplate\":\"https:\/\/nostraigua.cat\/es\/?s={search_term_string}\"},\"query-input\":{\"@type\":\"PropertyValueSpecification\",\"valueRequired\":true,\"valueName\":\"search_term_string\"}}],\"inLanguage\":\"es\"},{\"@type\":\"Person\",\"@id\":\"https:\/\/nostraigua.cat\/es\/#\/schema\/person\/5f8da8f888199e99d7280df61c46696b\",\"name\":\"Sandra Mart\u00ednez\",\"image\":{\"@type\":\"ImageObject\",\"inLanguage\":\"es\",\"@id\":\"https:\/\/nostraigua.cat\/es\/#\/schema\/person\/image\/\",\"url\":\"https:\/\/secure.gravatar.com\/avatar\/9022974ff524f30a58d4dafe9b47985343ff045d55f476573cb019639148e912?s=96&r=g\",\"contentUrl\":\"https:\/\/secure.gravatar.com\/avatar\/9022974ff524f30a58d4dafe9b47985343ff045d55f476573cb019639148e912?s=96&r=g\",\"caption\":\"Sandra Mart\u00ednez\"}}]}<\/script>\n<!-- \/ Yoast SEO plugin. -->","yoast_head_json":{"title":"Hoy se celebra el D\u00eda Mundial del Agua con el objetivo de crear conciencia sobre la crisis mundial del agua y el saneamiento - Nostraigua","robots":{"index":"index","follow":"follow","max-snippet":"max-snippet:-1","max-image-preview":"max-image-preview:large","max-video-preview":"max-video-preview:-1"},"canonical":"https:\/\/nostraigua.cat\/es\/hoy-se-celebra-el-dia-mundial-del-agua-con-el-objetivo-de-crear-conciencia-sobre-la-crisis-mundial-del-agua-y-el-saneamiento\/","og_locale":"es_ES","og_type":"article","og_title":"Hoy se celebra el D\u00eda Mundial del Agua con el objetivo de crear conciencia sobre la crisis mundial del agua y el saneamiento - Nostraigua","og_description":"La campa\u00f1a global \u201cS\u00e9 el cambio\u201d anima a las personas a tomar medidas en sus propias vidas para cambiar la forma en que usan, consumen y gestionan el agua. El D\u00eda Mundial del Agua (Word Water Day) se celebra anualmente el 22 de marzo y la empresa p\u00fablica Nostraigua como entidad de gesti\u00f3n del servicio [&hellip;]","og_url":"https:\/\/nostraigua.cat\/es\/hoy-se-celebra-el-dia-mundial-del-agua-con-el-objetivo-de-crear-conciencia-sobre-la-crisis-mundial-del-agua-y-el-saneamiento\/","og_site_name":"Nostraigua","article_published_time":"2023-03-22T09:37:16+00:00","article_modified_time":"2023-03-22T09:37:50+00:00","og_image":[{"width":3509,"height":4962,"url":"https:\/\/nostraigua.cat\/wp-content\/uploads\/2023\/03\/WWD2023_POSTER_SPA.png","type":"image\/png"}],"author":"Sandra Mart\u00ednez","twitter_card":"summary_large_image","twitter_misc":{"Escrito por":"Sandra Mart\u00ednez","Tiempo de lectura":"2 minutos"},"schema":{"@context":"https:\/\/schema.org","@graph":[{"@type":"Article","@id":"https:\/\/nostraigua.cat\/es\/hoy-se-celebra-el-dia-mundial-del-agua-con-el-objetivo-de-crear-conciencia-sobre-la-crisis-mundial-del-agua-y-el-saneamiento\/#article","isPartOf":{"@id":"https:\/\/nostraigua.cat\/es\/hoy-se-celebra-el-dia-mundial-del-agua-con-el-objetivo-de-crear-conciencia-sobre-la-crisis-mundial-del-agua-y-el-saneamiento\/"},"author":{"name":"Sandra Mart\u00ednez","@id":"https:\/\/nostraigua.cat\/es\/#\/schema\/person\/5f8da8f888199e99d7280df61c46696b"},"headline":"Hoy se celebra el D\u00eda Mundial del Agua con el objetivo de crear conciencia sobre la crisis mundial del agua y el saneamiento","datePublished":"2023-03-22T09:37:16+00:00","dateModified":"2023-03-22T09:37:50+00:00","mainEntityOfPage":{"@id":"https:\/\/nostraigua.cat\/es\/hoy-se-celebra-el-dia-mundial-del-agua-con-el-objetivo-de-crear-conciencia-sobre-la-crisis-mundial-del-agua-y-el-saneamiento\/"},"wordCount":368,"image":{"@id":"https:\/\/nostraigua.cat\/es\/hoy-se-celebra-el-dia-mundial-del-agua-con-el-objetivo-de-crear-conciencia-sobre-la-crisis-mundial-del-agua-y-el-saneamiento\/#primaryimage"},"thumbnailUrl":"https:\/\/nostraigua.cat\/wp-content\/uploads\/2023\/03\/WWD2023_POSTER_SPA.png","articleSection":["Sin categorizar"],"inLanguage":"es"},{"@type":"WebPage","@id":"https:\/\/nostraigua.cat\/es\/hoy-se-celebra-el-dia-mundial-del-agua-con-el-objetivo-de-crear-conciencia-sobre-la-crisis-mundial-del-agua-y-el-saneamiento\/","url":"https:\/\/nostraigua.cat\/es\/hoy-se-celebra-el-dia-mundial-del-agua-con-el-objetivo-de-crear-conciencia-sobre-la-crisis-mundial-del-agua-y-el-saneamiento\/","name":"Hoy se celebra el D\u00eda Mundial del Agua con el objetivo de crear conciencia sobre la crisis mundial del agua y el saneamiento - Nostraigua","isPartOf":{"@id":"https:\/\/nostraigua.cat\/es\/#website"},"primaryImageOfPage":{"@id":"https:\/\/nostraigua.cat\/es\/hoy-se-celebra-el-dia-mundial-del-agua-con-el-objetivo-de-crear-conciencia-sobre-la-crisis-mundial-del-agua-y-el-saneamiento\/#primaryimage"},"image":{"@id":"https:\/\/nostraigua.cat\/es\/hoy-se-celebra-el-dia-mundial-del-agua-con-el-objetivo-de-crear-conciencia-sobre-la-crisis-mundial-del-agua-y-el-saneamiento\/#primaryimage"},"thumbnailUrl":"https:\/\/nostraigua.cat\/wp-content\/uploads\/2023\/03\/WWD2023_POSTER_SPA.png","datePublished":"2023-03-22T09:37:16+00:00","dateModified":"2023-03-22T09:37:50+00:00","author":{"@id":"https:\/\/nostraigua.cat\/es\/#\/schema\/person\/5f8da8f888199e99d7280df61c46696b"},"breadcrumb":{"@id":"https:\/\/nostraigua.cat\/es\/hoy-se-celebra-el-dia-mundial-del-agua-con-el-objetivo-de-crear-conciencia-sobre-la-crisis-mundial-del-agua-y-el-saneamiento\/#breadcrumb"},"inLanguage":"es","potentialAction":[{"@type":"ReadAction","target":["https:\/\/nostraigua.cat\/es\/hoy-se-celebra-el-dia-mundial-del-agua-con-el-objetivo-de-crear-conciencia-sobre-la-crisis-mundial-del-agua-y-el-saneamiento\/"]}]},{"@type":"ImageObject","inLanguage":"es","@id":"https:\/\/nostraigua.cat\/es\/hoy-se-celebra-el-dia-mundial-del-agua-con-el-objetivo-de-crear-conciencia-sobre-la-crisis-mundial-del-agua-y-el-saneamiento\/#primaryimage","url":"https:\/\/nostraigua.cat\/wp-content\/uploads\/2023\/03\/WWD2023_POSTER_SPA.png","contentUrl":"https:\/\/nostraigua.cat\/wp-content\/uploads\/2023\/03\/WWD2023_POSTER_SPA.png","width":3509,"height":4962},{"@type":"BreadcrumbList","@id":"https:\/\/nostraigua.cat\/es\/hoy-se-celebra-el-dia-mundial-del-agua-con-el-objetivo-de-crear-conciencia-sobre-la-crisis-mundial-del-agua-y-el-saneamiento\/#breadcrumb","itemListElement":[{"@type":"ListItem","position":1,"name":"Portada","item":"https:\/\/nostraigua.cat\/es\/"},{"@type":"ListItem","position":2,"name":"Hoy se celebra el D\u00eda Mundial del Agua con el objetivo de crear conciencia sobre la crisis mundial del agua y el saneamiento"}]},{"@type":"WebSite","@id":"https:\/\/nostraigua.cat\/es\/#website","url":"https:\/\/nostraigua.cat\/es\/","name":"Nostraigua","description":"Nostraigua","potentialAction":[{"@type":"SearchAction","target":{"@type":"EntryPoint","urlTemplate":"https:\/\/nostraigua.cat\/es\/?s={search_term_string}"},"query-input":{"@type":"PropertyValueSpecification","valueRequired":true,"valueName":"search_term_string"}}],"inLanguage":"es"},{"@type":"Person","@id":"https:\/\/nostraigua.cat\/es\/#\/schema\/person\/5f8da8f888199e99d7280df61c46696b","name":"Sandra Mart\u00ednez","image":{"@type":"ImageObject","inLanguage":"es","@id":"https:\/\/nostraigua.cat\/es\/#\/schema\/person\/image\/","url":"https:\/\/secure.gravatar.com\/avatar\/9022974ff524f30a58d4dafe9b47985343ff045d55f476573cb019639148e912?s=96&r=g","contentUrl":"https:\/\/secure.gravatar.com\/avatar\/9022974ff524f30a58d4dafe9b47985343ff045d55f476573cb019639148e912?s=96&r=g","caption":"Sandra Mart\u00ednez"}}]}},"publishpress_future_action":{"enabled":false,"date":"2026-05-01 06:08:22","action":"change-status","newStatus":"draft","terms":[],"taxonomy":"category","extraData":[]},"publishpress_future_workflow_manual_trigger":{"enabledWorkflows":[]},"_links":{"self":[{"href":"https:\/\/nostraigua.cat\/es\/wp-json\/wp\/v2\/posts\/8046","targetHints":{"allow":["GET"]}}],"collection":[{"href":"https:\/\/nostraigua.cat\/es\/wp-json\/wp\/v2\/posts"}],"about":[{"href":"https:\/\/nostraigua.cat\/es\/wp-json\/wp\/v2\/types\/post"}],"author":[{"embeddable":true,"href":"https:\/\/nostraigua.cat\/es\/wp-json\/wp\/v2\/users\/4"}],"replies":[{"embeddable":true,"href":"https:\/\/nostraigua.cat\/es\/wp-json\/wp\/v2\/comments?post=8046"}],"version-history":[{"count":2,"href":"https:\/\/nostraigua.cat\/es\/wp-json\/wp\/v2\/posts\/8046\/revisions"}],"predecessor-version":[{"id":8048,"href":"https:\/\/nostraigua.cat\/es\/wp-json\/wp\/v2\/posts\/8046\/revisions\/8048"}],"wp:featuredmedia":[{"embeddable":true,"href":"https:\/\/nostraigua.cat\/es\/wp-json\/wp\/v2\/media\/8042"}],"wp:attachment":[{"href":"https:\/\/nostraigua.cat\/es\/wp-json\/wp\/v2\/media?parent=8046"}],"wp:term":[{"taxonomy":"category","embeddable":true,"href":"https:\/\/nostraigua.cat\/es\/wp-json\/wp\/v2\/categories?post=8046"},{"taxonomy":"post_tag","embeddable":true,"href":"https:\/\/nostraigua.cat\/es\/wp-json\/wp\/v2\/tags?post=8046"}],"curies":[{"name":"wp","href":"https:\/\/api.w.org\/{rel}","templated":true}]}}