{"id":7938,"date":"2023-02-20T14:49:13","date_gmt":"2023-02-20T13:49:13","guid":{"rendered":"https:\/\/nostraigua.cat\/nostragua-se-une-al-perte-de-digitalizacion-del-ciclo-urbano-del-agua\/"},"modified":"2023-02-20T14:53:03","modified_gmt":"2023-02-20T13:53:03","slug":"nostragua-se-une-al-perte-de-digitalizacion-del-ciclo-urbano-del-agua","status":"publish","type":"post","link":"https:\/\/nostraigua.cat\/es\/nostragua-se-une-al-perte-de-digitalizacion-del-ciclo-urbano-del-agua\/","title":{"rendered":"Nostragua se une al PERTE de digitalizaci\u00f3n del ciclo urbano del agua"},"content":{"rendered":"<ul>\n<li id=\"tw-target-text\" class=\"tw-data-text tw-text-large tw-ta\" dir=\"ltr\" data-placeholder=\"Traducci\u00f3n\"><strong><span class=\"Y2IQFc\" lang=\"es\">El objetivo del acuerdo es conseguir, con una alianza de nueve ayuntamientos y empresas de agua del territorio, las ayudas del Estado (Plan de Recuperaci\u00f3n, Transformaci\u00f3n y Resiliencia) para digitalizar todos los contadores del municipio<\/span><\/strong><\/li>\n<\/ul>\n<p style=\"text-align: left;\">El alcalde de Mont-roig del Camp y presidente de Nostraigua, Fran Morancho junto con el vicepresidente de la entidad Vicente P\u00e9rez, han asistido esta ma\u00f1ana a Tortosa a la firma de adhesi\u00f3n al proyecto que <img loading=\"lazy\" decoding=\"async\" class=\"size-medium wp-image-7936 alignright\" src=\"https:\/\/nostraigua.cat\/wp-content\/uploads\/2023\/02\/Imatge-presentacio-PERTE-300x225.jpeg\" alt=\"\" width=\"300\" height=\"225\" \/> integran nueve ayuntamientos y empresas de agua del territorio para conseguir fondos procedentes de los Next Generation dentro del PERTE (proyecto estrat\u00e9gico para la recuperaci\u00f3n y transformaci\u00f3n econ\u00f3mica) para digitalizar el ciclo urbano del agua en nuestro municipio.<\/p>\n<p>Los municipios que integran esta agrupaci\u00f3n y relacionados por orden de peso en el proyecto son Tortosa, Mont-roig del Camp, Alca\u00f1iz, Deltebre, Mora la Nova, Morella, Rubielos de Mora, Aldover y Pa\u00fcls. Es una propuesta de modernizaci\u00f3n y digitalizaci\u00f3n de todo el ciclo del agua, una inversi\u00f3n de 14,3 millones de euros que puede conseguir una subvenci\u00f3n de hasta 10 millones de euros de los Next Generation.<\/p>\n<p>La propuesta presentada por Nostraigua tiene un presupuesto de 3,5 millones de euros, que resulta un 24,28% del proyecto. Si finalmente es aceptado este proyecto, la EPEL Nostraigua recibir\u00e1 alrededor de 2,3 millones de euros de subvenci\u00f3n y el resto, 1,2 millones, saldr\u00e1n de fondos propios de la entidad.<\/p>\n<p>Una vez se conceda esta subvenci\u00f3n, los usuarios y usuarias dispondr\u00edan sin coste adicional alguno de la implantaci\u00f3n de contadores de tele lectura. Adem\u00e1s de la digitalizaci\u00f3n de contadores, uno de los objetivos de esta digitalizaci\u00f3n es prevenir y alertar sobre fugas interiores o p\u00e9rdidas incontroladas de forma inmediata, sin esperar a recibir las lecturas trimestrales.<\/p>\n","protected":false},"excerpt":{"rendered":"<p>El objetivo del acuerdo es conseguir, con una alianza de nueve ayuntamientos y empresas de agua del territorio, las ayudas del Estado (Plan de Recuperaci\u00f3n, Transformaci\u00f3n y Resiliencia) para digitalizar todos los contadores del municipio El alcalde de Mont-roig del Camp y presidente de Nostraigua, Fran Morancho junto con el vicepresidente de la entidad Vicente [&hellip;]<\/p>\n","protected":false},"author":4,"featured_media":7936,"comment_status":"closed","ping_status":"closed","sticky":false,"template":"","format":"standard","meta":{"_et_pb_use_builder":"","_et_pb_old_content":"","_et_gb_content_width":"","footnotes":""},"categories":[3],"tags":[],"class_list":["post-7938","post","type-post","status-publish","format-standard","has-post-thumbnail","hentry","category-sin-categorizar"],"yoast_head":"<!-- This site is optimized with the Yoast SEO plugin v27.1.1 - https:\/\/yoast.com\/product\/yoast-seo-wordpress\/ -->\n<title>Nostragua se une al PERTE de digitalizaci\u00f3n del ciclo urbano del agua - Nostraigua<\/title>\n<meta name=\"robots\" content=\"index, follow, max-snippet:-1, max-image-preview:large, max-video-preview:-1\" \/>\n<link rel=\"canonical\" href=\"https:\/\/nostraigua.cat\/es\/nostragua-se-une-al-perte-de-digitalizacion-del-ciclo-urbano-del-agua\/\" \/>\n<meta property=\"og:locale\" content=\"es_ES\" \/>\n<meta property=\"og:type\" content=\"article\" \/>\n<meta property=\"og:title\" content=\"Nostragua se une al PERTE de digitalizaci\u00f3n del ciclo urbano del agua - Nostraigua\" \/>\n<meta property=\"og:description\" content=\"El objetivo del acuerdo es conseguir, con una alianza de nueve ayuntamientos y empresas de agua del territorio, las ayudas del Estado (Plan de Recuperaci\u00f3n, Transformaci\u00f3n y Resiliencia) para digitalizar todos los contadores del municipio El alcalde de Mont-roig del Camp y presidente de Nostraigua, Fran Morancho junto con el vicepresidente de la entidad Vicente [&hellip;]\" \/>\n<meta property=\"og:url\" content=\"https:\/\/nostraigua.cat\/es\/nostragua-se-une-al-perte-de-digitalizacion-del-ciclo-urbano-del-agua\/\" \/>\n<meta property=\"og:site_name\" content=\"Nostraigua\" \/>\n<meta property=\"article:published_time\" content=\"2023-02-20T13:49:13+00:00\" \/>\n<meta property=\"article:modified_time\" content=\"2023-02-20T13:53:03+00:00\" \/>\n<meta property=\"og:image\" content=\"https:\/\/nostraigua.cat\/wp-content\/uploads\/2023\/02\/Imatge-presentacio-PERTE.jpeg\" \/>\n\t<meta property=\"og:image:width\" content=\"1024\" \/>\n\t<meta property=\"og:image:height\" content=\"768\" \/>\n\t<meta property=\"og:image:type\" content=\"image\/jpeg\" \/>\n<meta name=\"author\" content=\"Sandra Mart\u00ednez\" \/>\n<meta name=\"twitter:card\" content=\"summary_large_image\" \/>\n<meta name=\"twitter:label1\" content=\"Escrito por\" \/>\n\t<meta name=\"twitter:data1\" content=\"Sandra Mart\u00ednez\" \/>\n\t<meta name=\"twitter:label2\" content=\"Tiempo de lectura\" \/>\n\t<meta name=\"twitter:data2\" content=\"2 minutos\" \/>\n<script type=\"application\/ld+json\" class=\"yoast-schema-graph\">{\"@context\":\"https:\/\/schema.org\",\"@graph\":[{\"@type\":\"Article\",\"@id\":\"https:\/\/nostraigua.cat\/es\/nostragua-se-une-al-perte-de-digitalizacion-del-ciclo-urbano-del-agua\/#article\",\"isPartOf\":{\"@id\":\"https:\/\/nostraigua.cat\/es\/nostragua-se-une-al-perte-de-digitalizacion-del-ciclo-urbano-del-agua\/\"},\"author\":{\"name\":\"Sandra Mart\u00ednez\",\"@id\":\"https:\/\/nostraigua.cat\/es\/#\/schema\/person\/5f8da8f888199e99d7280df61c46696b\"},\"headline\":\"Nostragua se une al PERTE de digitalizaci\u00f3n del ciclo urbano del agua\",\"datePublished\":\"2023-02-20T13:49:13+00:00\",\"dateModified\":\"2023-02-20T13:53:03+00:00\",\"mainEntityOfPage\":{\"@id\":\"https:\/\/nostraigua.cat\/es\/nostragua-se-une-al-perte-de-digitalizacion-del-ciclo-urbano-del-agua\/\"},\"wordCount\":312,\"image\":{\"@id\":\"https:\/\/nostraigua.cat\/es\/nostragua-se-une-al-perte-de-digitalizacion-del-ciclo-urbano-del-agua\/#primaryimage\"},\"thumbnailUrl\":\"https:\/\/nostraigua.cat\/wp-content\/uploads\/2023\/02\/Imatge-presentacio-PERTE.jpeg\",\"articleSection\":[\"Sin categorizar\"],\"inLanguage\":\"es\"},{\"@type\":\"WebPage\",\"@id\":\"https:\/\/nostraigua.cat\/es\/nostragua-se-une-al-perte-de-digitalizacion-del-ciclo-urbano-del-agua\/\",\"url\":\"https:\/\/nostraigua.cat\/es\/nostragua-se-une-al-perte-de-digitalizacion-del-ciclo-urbano-del-agua\/\",\"name\":\"Nostragua se une al PERTE de digitalizaci\u00f3n del ciclo urbano del agua - Nostraigua\",\"isPartOf\":{\"@id\":\"https:\/\/nostraigua.cat\/es\/#website\"},\"primaryImageOfPage\":{\"@id\":\"https:\/\/nostraigua.cat\/es\/nostragua-se-une-al-perte-de-digitalizacion-del-ciclo-urbano-del-agua\/#primaryimage\"},\"image\":{\"@id\":\"https:\/\/nostraigua.cat\/es\/nostragua-se-une-al-perte-de-digitalizacion-del-ciclo-urbano-del-agua\/#primaryimage\"},\"thumbnailUrl\":\"https:\/\/nostraigua.cat\/wp-content\/uploads\/2023\/02\/Imatge-presentacio-PERTE.jpeg\",\"datePublished\":\"2023-02-20T13:49:13+00:00\",\"dateModified\":\"2023-02-20T13:53:03+00:00\",\"author\":{\"@id\":\"https:\/\/nostraigua.cat\/es\/#\/schema\/person\/5f8da8f888199e99d7280df61c46696b\"},\"breadcrumb\":{\"@id\":\"https:\/\/nostraigua.cat\/es\/nostragua-se-une-al-perte-de-digitalizacion-del-ciclo-urbano-del-agua\/#breadcrumb\"},\"inLanguage\":\"es\",\"potentialAction\":[{\"@type\":\"ReadAction\",\"target\":[\"https:\/\/nostraigua.cat\/es\/nostragua-se-une-al-perte-de-digitalizacion-del-ciclo-urbano-del-agua\/\"]}]},{\"@type\":\"ImageObject\",\"inLanguage\":\"es\",\"@id\":\"https:\/\/nostraigua.cat\/es\/nostragua-se-une-al-perte-de-digitalizacion-del-ciclo-urbano-del-agua\/#primaryimage\",\"url\":\"https:\/\/nostraigua.cat\/wp-content\/uploads\/2023\/02\/Imatge-presentacio-PERTE.jpeg\",\"contentUrl\":\"https:\/\/nostraigua.cat\/wp-content\/uploads\/2023\/02\/Imatge-presentacio-PERTE.jpeg\",\"width\":1024,\"height\":768},{\"@type\":\"BreadcrumbList\",\"@id\":\"https:\/\/nostraigua.cat\/es\/nostragua-se-une-al-perte-de-digitalizacion-del-ciclo-urbano-del-agua\/#breadcrumb\",\"itemListElement\":[{\"@type\":\"ListItem\",\"position\":1,\"name\":\"Portada\",\"item\":\"https:\/\/nostraigua.cat\/es\/\"},{\"@type\":\"ListItem\",\"position\":2,\"name\":\"Nostragua se une al PERTE de digitalizaci\u00f3n del ciclo urbano del agua\"}]},{\"@type\":\"WebSite\",\"@id\":\"https:\/\/nostraigua.cat\/es\/#website\",\"url\":\"https:\/\/nostraigua.cat\/es\/\",\"name\":\"Nostraigua\",\"description\":\"Nostraigua\",\"potentialAction\":[{\"@type\":\"SearchAction\",\"target\":{\"@type\":\"EntryPoint\",\"urlTemplate\":\"https:\/\/nostraigua.cat\/es\/?s={search_term_string}\"},\"query-input\":{\"@type\":\"PropertyValueSpecification\",\"valueRequired\":true,\"valueName\":\"search_term_string\"}}],\"inLanguage\":\"es\"},{\"@type\":\"Person\",\"@id\":\"https:\/\/nostraigua.cat\/es\/#\/schema\/person\/5f8da8f888199e99d7280df61c46696b\",\"name\":\"Sandra Mart\u00ednez\",\"image\":{\"@type\":\"ImageObject\",\"inLanguage\":\"es\",\"@id\":\"https:\/\/nostraigua.cat\/es\/#\/schema\/person\/image\/\",\"url\":\"https:\/\/secure.gravatar.com\/avatar\/9022974ff524f30a58d4dafe9b47985343ff045d55f476573cb019639148e912?s=96&r=g\",\"contentUrl\":\"https:\/\/secure.gravatar.com\/avatar\/9022974ff524f30a58d4dafe9b47985343ff045d55f476573cb019639148e912?s=96&r=g\",\"caption\":\"Sandra Mart\u00ednez\"}}]}<\/script>\n<!-- \/ Yoast SEO plugin. -->","yoast_head_json":{"title":"Nostragua se une al PERTE de digitalizaci\u00f3n del ciclo urbano del agua - Nostraigua","robots":{"index":"index","follow":"follow","max-snippet":"max-snippet:-1","max-image-preview":"max-image-preview:large","max-video-preview":"max-video-preview:-1"},"canonical":"https:\/\/nostraigua.cat\/es\/nostragua-se-une-al-perte-de-digitalizacion-del-ciclo-urbano-del-agua\/","og_locale":"es_ES","og_type":"article","og_title":"Nostragua se une al PERTE de digitalizaci\u00f3n del ciclo urbano del agua - Nostraigua","og_description":"El objetivo del acuerdo es conseguir, con una alianza de nueve ayuntamientos y empresas de agua del territorio, las ayudas del Estado (Plan de Recuperaci\u00f3n, Transformaci\u00f3n y Resiliencia) para digitalizar todos los contadores del municipio El alcalde de Mont-roig del Camp y presidente de Nostraigua, Fran Morancho junto con el vicepresidente de la entidad Vicente [&hellip;]","og_url":"https:\/\/nostraigua.cat\/es\/nostragua-se-une-al-perte-de-digitalizacion-del-ciclo-urbano-del-agua\/","og_site_name":"Nostraigua","article_published_time":"2023-02-20T13:49:13+00:00","article_modified_time":"2023-02-20T13:53:03+00:00","og_image":[{"width":1024,"height":768,"url":"https:\/\/nostraigua.cat\/wp-content\/uploads\/2023\/02\/Imatge-presentacio-PERTE.jpeg","type":"image\/jpeg"}],"author":"Sandra Mart\u00ednez","twitter_card":"summary_large_image","twitter_misc":{"Escrito por":"Sandra Mart\u00ednez","Tiempo de lectura":"2 minutos"},"schema":{"@context":"https:\/\/schema.org","@graph":[{"@type":"Article","@id":"https:\/\/nostraigua.cat\/es\/nostragua-se-une-al-perte-de-digitalizacion-del-ciclo-urbano-del-agua\/#article","isPartOf":{"@id":"https:\/\/nostraigua.cat\/es\/nostragua-se-une-al-perte-de-digitalizacion-del-ciclo-urbano-del-agua\/"},"author":{"name":"Sandra Mart\u00ednez","@id":"https:\/\/nostraigua.cat\/es\/#\/schema\/person\/5f8da8f888199e99d7280df61c46696b"},"headline":"Nostragua se une al PERTE de digitalizaci\u00f3n del ciclo urbano del agua","datePublished":"2023-02-20T13:49:13+00:00","dateModified":"2023-02-20T13:53:03+00:00","mainEntityOfPage":{"@id":"https:\/\/nostraigua.cat\/es\/nostragua-se-une-al-perte-de-digitalizacion-del-ciclo-urbano-del-agua\/"},"wordCount":312,"image":{"@id":"https:\/\/nostraigua.cat\/es\/nostragua-se-une-al-perte-de-digitalizacion-del-ciclo-urbano-del-agua\/#primaryimage"},"thumbnailUrl":"https:\/\/nostraigua.cat\/wp-content\/uploads\/2023\/02\/Imatge-presentacio-PERTE.jpeg","articleSection":["Sin categorizar"],"inLanguage":"es"},{"@type":"WebPage","@id":"https:\/\/nostraigua.cat\/es\/nostragua-se-une-al-perte-de-digitalizacion-del-ciclo-urbano-del-agua\/","url":"https:\/\/nostraigua.cat\/es\/nostragua-se-une-al-perte-de-digitalizacion-del-ciclo-urbano-del-agua\/","name":"Nostragua se une al PERTE de digitalizaci\u00f3n del ciclo urbano del agua - Nostraigua","isPartOf":{"@id":"https:\/\/nostraigua.cat\/es\/#website"},"primaryImageOfPage":{"@id":"https:\/\/nostraigua.cat\/es\/nostragua-se-une-al-perte-de-digitalizacion-del-ciclo-urbano-del-agua\/#primaryimage"},"image":{"@id":"https:\/\/nostraigua.cat\/es\/nostragua-se-une-al-perte-de-digitalizacion-del-ciclo-urbano-del-agua\/#primaryimage"},"thumbnailUrl":"https:\/\/nostraigua.cat\/wp-content\/uploads\/2023\/02\/Imatge-presentacio-PERTE.jpeg","datePublished":"2023-02-20T13:49:13+00:00","dateModified":"2023-02-20T13:53:03+00:00","author":{"@id":"https:\/\/nostraigua.cat\/es\/#\/schema\/person\/5f8da8f888199e99d7280df61c46696b"},"breadcrumb":{"@id":"https:\/\/nostraigua.cat\/es\/nostragua-se-une-al-perte-de-digitalizacion-del-ciclo-urbano-del-agua\/#breadcrumb"},"inLanguage":"es","potentialAction":[{"@type":"ReadAction","target":["https:\/\/nostraigua.cat\/es\/nostragua-se-une-al-perte-de-digitalizacion-del-ciclo-urbano-del-agua\/"]}]},{"@type":"ImageObject","inLanguage":"es","@id":"https:\/\/nostraigua.cat\/es\/nostragua-se-une-al-perte-de-digitalizacion-del-ciclo-urbano-del-agua\/#primaryimage","url":"https:\/\/nostraigua.cat\/wp-content\/uploads\/2023\/02\/Imatge-presentacio-PERTE.jpeg","contentUrl":"https:\/\/nostraigua.cat\/wp-content\/uploads\/2023\/02\/Imatge-presentacio-PERTE.jpeg","width":1024,"height":768},{"@type":"BreadcrumbList","@id":"https:\/\/nostraigua.cat\/es\/nostragua-se-une-al-perte-de-digitalizacion-del-ciclo-urbano-del-agua\/#breadcrumb","itemListElement":[{"@type":"ListItem","position":1,"name":"Portada","item":"https:\/\/nostraigua.cat\/es\/"},{"@type":"ListItem","position":2,"name":"Nostragua se une al PERTE de digitalizaci\u00f3n del ciclo urbano del agua"}]},{"@type":"WebSite","@id":"https:\/\/nostraigua.cat\/es\/#website","url":"https:\/\/nostraigua.cat\/es\/","name":"Nostraigua","description":"Nostraigua","potentialAction":[{"@type":"SearchAction","target":{"@type":"EntryPoint","urlTemplate":"https:\/\/nostraigua.cat\/es\/?s={search_term_string}"},"query-input":{"@type":"PropertyValueSpecification","valueRequired":true,"valueName":"search_term_string"}}],"inLanguage":"es"},{"@type":"Person","@id":"https:\/\/nostraigua.cat\/es\/#\/schema\/person\/5f8da8f888199e99d7280df61c46696b","name":"Sandra Mart\u00ednez","image":{"@type":"ImageObject","inLanguage":"es","@id":"https:\/\/nostraigua.cat\/es\/#\/schema\/person\/image\/","url":"https:\/\/secure.gravatar.com\/avatar\/9022974ff524f30a58d4dafe9b47985343ff045d55f476573cb019639148e912?s=96&r=g","contentUrl":"https:\/\/secure.gravatar.com\/avatar\/9022974ff524f30a58d4dafe9b47985343ff045d55f476573cb019639148e912?s=96&r=g","caption":"Sandra Mart\u00ednez"}}]}},"publishpress_future_action":{"enabled":false,"date":"2026-05-01 02:00:19","action":"change-status","newStatus":"draft","terms":[],"taxonomy":"category","extraData":[]},"publishpress_future_workflow_manual_trigger":{"enabledWorkflows":[]},"_links":{"self":[{"href":"https:\/\/nostraigua.cat\/es\/wp-json\/wp\/v2\/posts\/7938","targetHints":{"allow":["GET"]}}],"collection":[{"href":"https:\/\/nostraigua.cat\/es\/wp-json\/wp\/v2\/posts"}],"about":[{"href":"https:\/\/nostraigua.cat\/es\/wp-json\/wp\/v2\/types\/post"}],"author":[{"embeddable":true,"href":"https:\/\/nostraigua.cat\/es\/wp-json\/wp\/v2\/users\/4"}],"replies":[{"embeddable":true,"href":"https:\/\/nostraigua.cat\/es\/wp-json\/wp\/v2\/comments?post=7938"}],"version-history":[{"count":2,"href":"https:\/\/nostraigua.cat\/es\/wp-json\/wp\/v2\/posts\/7938\/revisions"}],"predecessor-version":[{"id":7940,"href":"https:\/\/nostraigua.cat\/es\/wp-json\/wp\/v2\/posts\/7938\/revisions\/7940"}],"wp:featuredmedia":[{"embeddable":true,"href":"https:\/\/nostraigua.cat\/es\/wp-json\/wp\/v2\/media\/7936"}],"wp:attachment":[{"href":"https:\/\/nostraigua.cat\/es\/wp-json\/wp\/v2\/media?parent=7938"}],"wp:term":[{"taxonomy":"category","embeddable":true,"href":"https:\/\/nostraigua.cat\/es\/wp-json\/wp\/v2\/categories?post=7938"},{"taxonomy":"post_tag","embeddable":true,"href":"https:\/\/nostraigua.cat\/es\/wp-json\/wp\/v2\/tags?post=7938"}],"curies":[{"name":"wp","href":"https:\/\/api.w.org\/{rel}","templated":true}]}}