{"id":6276,"date":"2022-04-13T08:27:19","date_gmt":"2022-04-13T06:27:19","guid":{"rendered":"https:\/\/nostraigua.cat\/se-ponen-en-marcha-obras-de-mejora-de-tuberias-de-agua-potable-y-conexion-de-depositos-danados-por-el-temporal-gloria\/"},"modified":"2022-04-13T08:28:04","modified_gmt":"2022-04-13T06:28:04","slug":"se-ponen-en-marcha-obras-de-mejora-de-tuberias-de-agua-potable-y-conexion-de-depositos-danados-por-el-temporal-gloria","status":"publish","type":"post","link":"https:\/\/nostraigua.cat\/es\/se-ponen-en-marcha-obras-de-mejora-de-tuberias-de-agua-potable-y-conexion-de-depositos-danados-por-el-temporal-gloria\/","title":{"rendered":"Se ponen en marcha obras de mejora de tuber\u00edas de agua potable y conexi\u00f3n de dep\u00f3sitos da\u00f1ados por el temporal Gloria"},"content":{"rendered":"<ul>\n<li><strong>Los trabajos, que se est\u00e1n ejecutando en estos momentos para poder acogerse a una subvenci\u00f3n de la Generalitat, consisten en la reposici\u00f3n de la tuber\u00eda de agua potable de la zona de la Playa Cristal y la conexi\u00f3n entre los dep\u00f3sitos de Masos d\u2019en Blader y Guardamar<\/strong><\/li>\n<\/ul>\n<p>El Ayuntamiento de Mont-roig del Camp, con el apoyo de la empresa Nostraigua, ha iniciado diversas obras con el objetivo de mejorar la red de distribuci\u00f3n de aguas en diversas partes del municipio, como es la zona de la playa Cristal y la conexi\u00f3n entre los dep\u00f3sitos de Masos d\u2019en Blader y Guardamar, para solucionar deficiencias y filtraciones en parte por las consecuencias del temporal Gloria.<\/p>\n\n\t\t<style type=\"text\/css\">\n\t\t\t#gallery-1 {\n\t\t\t\tmargin: auto;\n\t\t\t}\n\t\t\t#gallery-1 .gallery-item {\n\t\t\t\tfloat: left;\n\t\t\t\tmargin-top: 10px;\n\t\t\t\ttext-align: center;\n\t\t\t\twidth: 33%;\n\t\t\t}\n\t\t\t#gallery-1 img {\n\t\t\t\tborder: 2px solid #cfcfcf;\n\t\t\t}\n\t\t\t#gallery-1 .gallery-caption {\n\t\t\t\tmargin-left: 0;\n\t\t\t}\n\t\t\t\/* see gallery_shortcode() in wp-includes\/media.php *\/\n\t\t<\/style>\n\t\t<div id='gallery-1' class='gallery galleryid-6276 gallery-columns-3 gallery-size-thumbnail'><dl class='gallery-item'>\n\t\t\t<dt class='gallery-icon portrait'>\n\t\t\t\t<a href='https:\/\/nostraigua.cat\/es\/se-ponen-en-marcha-obras-de-mejora-de-tuberias-de-agua-potable-y-conexion-de-depositos-danados-por-el-temporal-gloria\/millores-platja-cristall-2\/'><img loading=\"lazy\" decoding=\"async\" width=\"150\" height=\"150\" src=\"https:\/\/nostraigua.cat\/wp-content\/uploads\/2022\/04\/Millores-Platja-Cristall-150x150.jpeg\" class=\"attachment-thumbnail size-thumbnail\" alt=\"\" aria-describedby=\"gallery-1-6274\" srcset=\"https:\/\/nostraigua.cat\/wp-content\/uploads\/2022\/04\/Millores-Platja-Cristall-150x150.jpeg 150w, https:\/\/nostraigua.cat\/wp-content\/uploads\/2022\/04\/Millores-Platja-Cristall-45x45.jpeg 45w\" sizes=\"(max-width: 150px) 100vw, 150px\" \/><\/a>\n\t\t\t<\/dt>\n\t\t\t\t<dd class='wp-caption-text gallery-caption' id='gallery-1-6274'>\n\t\t\t\tMejoras en la zona de Playa Cristal\n\t\t\t\t<\/dd><\/dl><dl class='gallery-item'>\n\t\t\t<dt class='gallery-icon portrait'>\n\t\t\t\t<a href='https:\/\/nostraigua.cat\/es\/se-ponen-en-marcha-obras-de-mejora-de-tuberias-de-agua-potable-y-conexion-de-depositos-danados-por-el-temporal-gloria\/connexio-masos-den-blader-2\/'><img loading=\"lazy\" decoding=\"async\" width=\"150\" height=\"150\" src=\"https:\/\/nostraigua.cat\/wp-content\/uploads\/2022\/04\/Connexio-Masos-den-Blader-150x150.jpeg\" class=\"attachment-thumbnail size-thumbnail\" alt=\"\" aria-describedby=\"gallery-1-6272\" srcset=\"https:\/\/nostraigua.cat\/wp-content\/uploads\/2022\/04\/Connexio-Masos-den-Blader-150x150.jpeg 150w, https:\/\/nostraigua.cat\/wp-content\/uploads\/2022\/04\/Connexio-Masos-den-Blader-45x45.jpeg 45w\" sizes=\"(max-width: 150px) 100vw, 150px\" \/><\/a>\n\t\t\t<\/dt>\n\t\t\t\t<dd class='wp-caption-text gallery-caption' id='gallery-1-6272'>\n\t\t\t\tNueva conexi\u00f3n en Masos d&#8217;en Blader\n\t\t\t\t<\/dd><\/dl>\n\t\t\t<br style='clear: both' \/>\n\t\t<\/div>\n\n<p>Por un lado, se trata de las obras de reposici\u00f3n de la tuber\u00eda de distribuci\u00f3n de agua potable, en m\u00e1s de un kil\u00f3metro, en la zona de la playa Cristal y que pasa por las calles Bajada de Playa Cristal, Vall d\u2019Aran y Avenida del Pino Alto. Esta tuber\u00eda presentaba muchos desperfectos a ra\u00edz de las afectaciones por el temporal Gloria.<\/p>\n<p>Esta renovaci\u00f3n permitir\u00e1 garantizar el suministro de agua potable a los \u00e1mbitos de las urbanizaciones Pino Alto, Cap de Terme, Playa Cristal y Barri Llastres y el anillamiento de la red y compensaci\u00f3n de caudales en estas urbanizaciones en caso de interrupci\u00f3n de suministro principal por parte del CAT (Consorcio de Aguas de Tarragona). La obra la ejecuta la empresa Agrovial y se financia con una subvenci\u00f3n del Departamento de Presidencia de la Generalidad de Catalu\u00f1a, por lo que el plazo de ejecuci\u00f3n es muy corto. Este hecho requiere incluso continuar los trabajos en d\u00edas no festivos de Semana Santa. Sin embargo, desde Nostraigua se mantiene la firme voluntad de generar las menores molestias posibles que pueden causar unas obras como \u00e9stas (ruidos, desv\u00edos de tr\u00e1fico, cortes temporales de accesos\u2026). Asimismo, se efectuar\u00e1n las actuaciones necesarias para reducir al m\u00e1ximo los cortes puntuales en el suministro de agua en el momento de realizar la conexi\u00f3n.<\/p>\n<p><strong>Nueva conexi\u00f3n del dep\u00f3sito de Masos d\u2019en Blader con el de Guardamar<\/strong><br \/>\nPor otra parte, tambi\u00e9n se est\u00e1 llevando a cabo la conexi\u00f3n del dep\u00f3sito de Masos d\u2019en Blader con el dep\u00f3sito de Guardamar, que se encuentra situado a 105 metros de la l\u00ednea de la costa. En la actualidad, exceptuando una conexi\u00f3n provisional de emergencia desde Sant Miquel, este pozo era la \u00fanica fuente de suministro de las urbanizaciones Guardamar y la Ribera, con un total de 226 viviendas suministradas. La tormenta Gloria provoc\u00f3 la entrada del agua del mar en el pozo Guardamar y la completa salinizaci\u00f3n del mismo. Para resolver esta problem\u00e1tica y estudiadas diversas alternativas, se ha decidido impulsar la conexi\u00f3n del dep\u00f3sito de Masos d\u2019en Blader con el dep\u00f3sito Guardamar y de esta forma se evita el riesgo de intrusi\u00f3n salina.<\/p>\n","protected":false},"excerpt":{"rendered":"<p>Los trabajos, que se est\u00e1n ejecutando en estos momentos para poder acogerse a una subvenci\u00f3n de la Generalitat, consisten en la reposici\u00f3n de la tuber\u00eda de agua potable de la zona de la Playa Cristal y la conexi\u00f3n entre los dep\u00f3sitos de Masos d\u2019en Blader y Guardamar El Ayuntamiento de Mont-roig del Camp, con el [&hellip;]<\/p>\n","protected":false},"author":4,"featured_media":6274,"comment_status":"closed","ping_status":"closed","sticky":false,"template":"","format":"standard","meta":{"_et_pb_use_builder":"","_et_pb_old_content":"","_et_gb_content_width":"","footnotes":""},"categories":[3],"tags":[],"class_list":["post-6276","post","type-post","status-publish","format-standard","has-post-thumbnail","hentry","category-sin-categorizar"],"yoast_head":"<!-- This site is optimized with the Yoast SEO plugin v27.1.1 - https:\/\/yoast.com\/product\/yoast-seo-wordpress\/ -->\n<title>Se ponen en marcha obras de mejora de tuber\u00edas de agua potable y conexi\u00f3n de dep\u00f3sitos da\u00f1ados por el temporal Gloria - Nostraigua<\/title>\n<meta name=\"robots\" content=\"index, follow, max-snippet:-1, max-image-preview:large, max-video-preview:-1\" \/>\n<link rel=\"canonical\" href=\"https:\/\/nostraigua.cat\/es\/se-ponen-en-marcha-obras-de-mejora-de-tuberias-de-agua-potable-y-conexion-de-depositos-danados-por-el-temporal-gloria\/\" \/>\n<meta property=\"og:locale\" content=\"es_ES\" \/>\n<meta property=\"og:type\" content=\"article\" \/>\n<meta property=\"og:title\" content=\"Se ponen en marcha obras de mejora de tuber\u00edas de agua potable y conexi\u00f3n de dep\u00f3sitos da\u00f1ados por el temporal Gloria - Nostraigua\" \/>\n<meta property=\"og:description\" content=\"Los trabajos, que se est\u00e1n ejecutando en estos momentos para poder acogerse a una subvenci\u00f3n de la Generalitat, consisten en la reposici\u00f3n de la tuber\u00eda de agua potable de la zona de la Playa Cristal y la conexi\u00f3n entre los dep\u00f3sitos de Masos d\u2019en Blader y Guardamar El Ayuntamiento de Mont-roig del Camp, con el [&hellip;]\" \/>\n<meta property=\"og:url\" content=\"https:\/\/nostraigua.cat\/es\/se-ponen-en-marcha-obras-de-mejora-de-tuberias-de-agua-potable-y-conexion-de-depositos-danados-por-el-temporal-gloria\/\" \/>\n<meta property=\"og:site_name\" content=\"Nostraigua\" \/>\n<meta property=\"article:published_time\" content=\"2022-04-13T06:27:19+00:00\" \/>\n<meta property=\"article:modified_time\" content=\"2022-04-13T06:28:04+00:00\" \/>\n<meta property=\"og:image\" content=\"https:\/\/nostraigua.cat\/wp-content\/uploads\/2022\/04\/Millores-Platja-Cristall.jpeg\" \/>\n\t<meta property=\"og:image:width\" content=\"375\" \/>\n\t<meta property=\"og:image:height\" content=\"500\" \/>\n\t<meta property=\"og:image:type\" content=\"image\/jpeg\" \/>\n<meta name=\"author\" content=\"Sandra Mart\u00ednez\" \/>\n<meta name=\"twitter:card\" content=\"summary_large_image\" \/>\n<meta name=\"twitter:label1\" content=\"Escrito por\" \/>\n\t<meta name=\"twitter:data1\" content=\"Sandra Mart\u00ednez\" \/>\n\t<meta name=\"twitter:label2\" content=\"Tiempo de lectura\" \/>\n\t<meta name=\"twitter:data2\" content=\"3 minutos\" \/>\n<script type=\"application\/ld+json\" class=\"yoast-schema-graph\">{\"@context\":\"https:\/\/schema.org\",\"@graph\":[{\"@type\":\"Article\",\"@id\":\"https:\/\/nostraigua.cat\/es\/se-ponen-en-marcha-obras-de-mejora-de-tuberias-de-agua-potable-y-conexion-de-depositos-danados-por-el-temporal-gloria\/#article\",\"isPartOf\":{\"@id\":\"https:\/\/nostraigua.cat\/es\/se-ponen-en-marcha-obras-de-mejora-de-tuberias-de-agua-potable-y-conexion-de-depositos-danados-por-el-temporal-gloria\/\"},\"author\":{\"name\":\"Sandra Mart\u00ednez\",\"@id\":\"https:\/\/nostraigua.cat\/es\/#\/schema\/person\/5f8da8f888199e99d7280df61c46696b\"},\"headline\":\"Se ponen en marcha obras de mejora de tuber\u00edas de agua potable y conexi\u00f3n de dep\u00f3sitos da\u00f1ados por el temporal Gloria\",\"datePublished\":\"2022-04-13T06:27:19+00:00\",\"dateModified\":\"2022-04-13T06:28:04+00:00\",\"mainEntityOfPage\":{\"@id\":\"https:\/\/nostraigua.cat\/es\/se-ponen-en-marcha-obras-de-mejora-de-tuberias-de-agua-potable-y-conexion-de-depositos-danados-por-el-temporal-gloria\/\"},\"wordCount\":538,\"image\":{\"@id\":\"https:\/\/nostraigua.cat\/es\/se-ponen-en-marcha-obras-de-mejora-de-tuberias-de-agua-potable-y-conexion-de-depositos-danados-por-el-temporal-gloria\/#primaryimage\"},\"thumbnailUrl\":\"https:\/\/nostraigua.cat\/wp-content\/uploads\/2022\/04\/Millores-Platja-Cristall.jpeg\",\"articleSection\":[\"Sin categorizar\"],\"inLanguage\":\"es\"},{\"@type\":\"WebPage\",\"@id\":\"https:\/\/nostraigua.cat\/es\/se-ponen-en-marcha-obras-de-mejora-de-tuberias-de-agua-potable-y-conexion-de-depositos-danados-por-el-temporal-gloria\/\",\"url\":\"https:\/\/nostraigua.cat\/es\/se-ponen-en-marcha-obras-de-mejora-de-tuberias-de-agua-potable-y-conexion-de-depositos-danados-por-el-temporal-gloria\/\",\"name\":\"Se ponen en marcha obras de mejora de tuber\u00edas de agua potable y conexi\u00f3n de dep\u00f3sitos da\u00f1ados por el temporal Gloria - Nostraigua\",\"isPartOf\":{\"@id\":\"https:\/\/nostraigua.cat\/es\/#website\"},\"primaryImageOfPage\":{\"@id\":\"https:\/\/nostraigua.cat\/es\/se-ponen-en-marcha-obras-de-mejora-de-tuberias-de-agua-potable-y-conexion-de-depositos-danados-por-el-temporal-gloria\/#primaryimage\"},\"image\":{\"@id\":\"https:\/\/nostraigua.cat\/es\/se-ponen-en-marcha-obras-de-mejora-de-tuberias-de-agua-potable-y-conexion-de-depositos-danados-por-el-temporal-gloria\/#primaryimage\"},\"thumbnailUrl\":\"https:\/\/nostraigua.cat\/wp-content\/uploads\/2022\/04\/Millores-Platja-Cristall.jpeg\",\"datePublished\":\"2022-04-13T06:27:19+00:00\",\"dateModified\":\"2022-04-13T06:28:04+00:00\",\"author\":{\"@id\":\"https:\/\/nostraigua.cat\/es\/#\/schema\/person\/5f8da8f888199e99d7280df61c46696b\"},\"breadcrumb\":{\"@id\":\"https:\/\/nostraigua.cat\/es\/se-ponen-en-marcha-obras-de-mejora-de-tuberias-de-agua-potable-y-conexion-de-depositos-danados-por-el-temporal-gloria\/#breadcrumb\"},\"inLanguage\":\"es\",\"potentialAction\":[{\"@type\":\"ReadAction\",\"target\":[\"https:\/\/nostraigua.cat\/es\/se-ponen-en-marcha-obras-de-mejora-de-tuberias-de-agua-potable-y-conexion-de-depositos-danados-por-el-temporal-gloria\/\"]}]},{\"@type\":\"ImageObject\",\"inLanguage\":\"es\",\"@id\":\"https:\/\/nostraigua.cat\/es\/se-ponen-en-marcha-obras-de-mejora-de-tuberias-de-agua-potable-y-conexion-de-depositos-danados-por-el-temporal-gloria\/#primaryimage\",\"url\":\"https:\/\/nostraigua.cat\/wp-content\/uploads\/2022\/04\/Millores-Platja-Cristall.jpeg\",\"contentUrl\":\"https:\/\/nostraigua.cat\/wp-content\/uploads\/2022\/04\/Millores-Platja-Cristall.jpeg\",\"width\":375,\"height\":500,\"caption\":\"Mejoras en la zona de Playa Cristal\"},{\"@type\":\"BreadcrumbList\",\"@id\":\"https:\/\/nostraigua.cat\/es\/se-ponen-en-marcha-obras-de-mejora-de-tuberias-de-agua-potable-y-conexion-de-depositos-danados-por-el-temporal-gloria\/#breadcrumb\",\"itemListElement\":[{\"@type\":\"ListItem\",\"position\":1,\"name\":\"Portada\",\"item\":\"https:\/\/nostraigua.cat\/es\/\"},{\"@type\":\"ListItem\",\"position\":2,\"name\":\"Se ponen en marcha obras de mejora de tuber\u00edas de agua potable y conexi\u00f3n de dep\u00f3sitos da\u00f1ados por el temporal Gloria\"}]},{\"@type\":\"WebSite\",\"@id\":\"https:\/\/nostraigua.cat\/es\/#website\",\"url\":\"https:\/\/nostraigua.cat\/es\/\",\"name\":\"Nostraigua\",\"description\":\"Nostraigua\",\"potentialAction\":[{\"@type\":\"SearchAction\",\"target\":{\"@type\":\"EntryPoint\",\"urlTemplate\":\"https:\/\/nostraigua.cat\/es\/?s={search_term_string}\"},\"query-input\":{\"@type\":\"PropertyValueSpecification\",\"valueRequired\":true,\"valueName\":\"search_term_string\"}}],\"inLanguage\":\"es\"},{\"@type\":\"Person\",\"@id\":\"https:\/\/nostraigua.cat\/es\/#\/schema\/person\/5f8da8f888199e99d7280df61c46696b\",\"name\":\"Sandra Mart\u00ednez\",\"image\":{\"@type\":\"ImageObject\",\"inLanguage\":\"es\",\"@id\":\"https:\/\/nostraigua.cat\/es\/#\/schema\/person\/image\/\",\"url\":\"https:\/\/secure.gravatar.com\/avatar\/9022974ff524f30a58d4dafe9b47985343ff045d55f476573cb019639148e912?s=96&r=g\",\"contentUrl\":\"https:\/\/secure.gravatar.com\/avatar\/9022974ff524f30a58d4dafe9b47985343ff045d55f476573cb019639148e912?s=96&r=g\",\"caption\":\"Sandra Mart\u00ednez\"}}]}<\/script>\n<!-- \/ Yoast SEO plugin. -->","yoast_head_json":{"title":"Se ponen en marcha obras de mejora de tuber\u00edas de agua potable y conexi\u00f3n de dep\u00f3sitos da\u00f1ados por el temporal Gloria - Nostraigua","robots":{"index":"index","follow":"follow","max-snippet":"max-snippet:-1","max-image-preview":"max-image-preview:large","max-video-preview":"max-video-preview:-1"},"canonical":"https:\/\/nostraigua.cat\/es\/se-ponen-en-marcha-obras-de-mejora-de-tuberias-de-agua-potable-y-conexion-de-depositos-danados-por-el-temporal-gloria\/","og_locale":"es_ES","og_type":"article","og_title":"Se ponen en marcha obras de mejora de tuber\u00edas de agua potable y conexi\u00f3n de dep\u00f3sitos da\u00f1ados por el temporal Gloria - Nostraigua","og_description":"Los trabajos, que se est\u00e1n ejecutando en estos momentos para poder acogerse a una subvenci\u00f3n de la Generalitat, consisten en la reposici\u00f3n de la tuber\u00eda de agua potable de la zona de la Playa Cristal y la conexi\u00f3n entre los dep\u00f3sitos de Masos d\u2019en Blader y Guardamar El Ayuntamiento de Mont-roig del Camp, con el [&hellip;]","og_url":"https:\/\/nostraigua.cat\/es\/se-ponen-en-marcha-obras-de-mejora-de-tuberias-de-agua-potable-y-conexion-de-depositos-danados-por-el-temporal-gloria\/","og_site_name":"Nostraigua","article_published_time":"2022-04-13T06:27:19+00:00","article_modified_time":"2022-04-13T06:28:04+00:00","og_image":[{"width":375,"height":500,"url":"https:\/\/nostraigua.cat\/wp-content\/uploads\/2022\/04\/Millores-Platja-Cristall.jpeg","type":"image\/jpeg"}],"author":"Sandra Mart\u00ednez","twitter_card":"summary_large_image","twitter_misc":{"Escrito por":"Sandra Mart\u00ednez","Tiempo de lectura":"3 minutos"},"schema":{"@context":"https:\/\/schema.org","@graph":[{"@type":"Article","@id":"https:\/\/nostraigua.cat\/es\/se-ponen-en-marcha-obras-de-mejora-de-tuberias-de-agua-potable-y-conexion-de-depositos-danados-por-el-temporal-gloria\/#article","isPartOf":{"@id":"https:\/\/nostraigua.cat\/es\/se-ponen-en-marcha-obras-de-mejora-de-tuberias-de-agua-potable-y-conexion-de-depositos-danados-por-el-temporal-gloria\/"},"author":{"name":"Sandra Mart\u00ednez","@id":"https:\/\/nostraigua.cat\/es\/#\/schema\/person\/5f8da8f888199e99d7280df61c46696b"},"headline":"Se ponen en marcha obras de mejora de tuber\u00edas de agua potable y conexi\u00f3n de dep\u00f3sitos da\u00f1ados por el temporal Gloria","datePublished":"2022-04-13T06:27:19+00:00","dateModified":"2022-04-13T06:28:04+00:00","mainEntityOfPage":{"@id":"https:\/\/nostraigua.cat\/es\/se-ponen-en-marcha-obras-de-mejora-de-tuberias-de-agua-potable-y-conexion-de-depositos-danados-por-el-temporal-gloria\/"},"wordCount":538,"image":{"@id":"https:\/\/nostraigua.cat\/es\/se-ponen-en-marcha-obras-de-mejora-de-tuberias-de-agua-potable-y-conexion-de-depositos-danados-por-el-temporal-gloria\/#primaryimage"},"thumbnailUrl":"https:\/\/nostraigua.cat\/wp-content\/uploads\/2022\/04\/Millores-Platja-Cristall.jpeg","articleSection":["Sin categorizar"],"inLanguage":"es"},{"@type":"WebPage","@id":"https:\/\/nostraigua.cat\/es\/se-ponen-en-marcha-obras-de-mejora-de-tuberias-de-agua-potable-y-conexion-de-depositos-danados-por-el-temporal-gloria\/","url":"https:\/\/nostraigua.cat\/es\/se-ponen-en-marcha-obras-de-mejora-de-tuberias-de-agua-potable-y-conexion-de-depositos-danados-por-el-temporal-gloria\/","name":"Se ponen en marcha obras de mejora de tuber\u00edas de agua potable y conexi\u00f3n de dep\u00f3sitos da\u00f1ados por el temporal Gloria - Nostraigua","isPartOf":{"@id":"https:\/\/nostraigua.cat\/es\/#website"},"primaryImageOfPage":{"@id":"https:\/\/nostraigua.cat\/es\/se-ponen-en-marcha-obras-de-mejora-de-tuberias-de-agua-potable-y-conexion-de-depositos-danados-por-el-temporal-gloria\/#primaryimage"},"image":{"@id":"https:\/\/nostraigua.cat\/es\/se-ponen-en-marcha-obras-de-mejora-de-tuberias-de-agua-potable-y-conexion-de-depositos-danados-por-el-temporal-gloria\/#primaryimage"},"thumbnailUrl":"https:\/\/nostraigua.cat\/wp-content\/uploads\/2022\/04\/Millores-Platja-Cristall.jpeg","datePublished":"2022-04-13T06:27:19+00:00","dateModified":"2022-04-13T06:28:04+00:00","author":{"@id":"https:\/\/nostraigua.cat\/es\/#\/schema\/person\/5f8da8f888199e99d7280df61c46696b"},"breadcrumb":{"@id":"https:\/\/nostraigua.cat\/es\/se-ponen-en-marcha-obras-de-mejora-de-tuberias-de-agua-potable-y-conexion-de-depositos-danados-por-el-temporal-gloria\/#breadcrumb"},"inLanguage":"es","potentialAction":[{"@type":"ReadAction","target":["https:\/\/nostraigua.cat\/es\/se-ponen-en-marcha-obras-de-mejora-de-tuberias-de-agua-potable-y-conexion-de-depositos-danados-por-el-temporal-gloria\/"]}]},{"@type":"ImageObject","inLanguage":"es","@id":"https:\/\/nostraigua.cat\/es\/se-ponen-en-marcha-obras-de-mejora-de-tuberias-de-agua-potable-y-conexion-de-depositos-danados-por-el-temporal-gloria\/#primaryimage","url":"https:\/\/nostraigua.cat\/wp-content\/uploads\/2022\/04\/Millores-Platja-Cristall.jpeg","contentUrl":"https:\/\/nostraigua.cat\/wp-content\/uploads\/2022\/04\/Millores-Platja-Cristall.jpeg","width":375,"height":500,"caption":"Mejoras en la zona de Playa Cristal"},{"@type":"BreadcrumbList","@id":"https:\/\/nostraigua.cat\/es\/se-ponen-en-marcha-obras-de-mejora-de-tuberias-de-agua-potable-y-conexion-de-depositos-danados-por-el-temporal-gloria\/#breadcrumb","itemListElement":[{"@type":"ListItem","position":1,"name":"Portada","item":"https:\/\/nostraigua.cat\/es\/"},{"@type":"ListItem","position":2,"name":"Se ponen en marcha obras de mejora de tuber\u00edas de agua potable y conexi\u00f3n de dep\u00f3sitos da\u00f1ados por el temporal Gloria"}]},{"@type":"WebSite","@id":"https:\/\/nostraigua.cat\/es\/#website","url":"https:\/\/nostraigua.cat\/es\/","name":"Nostraigua","description":"Nostraigua","potentialAction":[{"@type":"SearchAction","target":{"@type":"EntryPoint","urlTemplate":"https:\/\/nostraigua.cat\/es\/?s={search_term_string}"},"query-input":{"@type":"PropertyValueSpecification","valueRequired":true,"valueName":"search_term_string"}}],"inLanguage":"es"},{"@type":"Person","@id":"https:\/\/nostraigua.cat\/es\/#\/schema\/person\/5f8da8f888199e99d7280df61c46696b","name":"Sandra Mart\u00ednez","image":{"@type":"ImageObject","inLanguage":"es","@id":"https:\/\/nostraigua.cat\/es\/#\/schema\/person\/image\/","url":"https:\/\/secure.gravatar.com\/avatar\/9022974ff524f30a58d4dafe9b47985343ff045d55f476573cb019639148e912?s=96&r=g","contentUrl":"https:\/\/secure.gravatar.com\/avatar\/9022974ff524f30a58d4dafe9b47985343ff045d55f476573cb019639148e912?s=96&r=g","caption":"Sandra Mart\u00ednez"}}]}},"publishpress_future_action":{"enabled":false,"date":"2026-05-01 17:59:30","action":"change-status","newStatus":"draft","terms":[],"taxonomy":"category","extraData":[]},"publishpress_future_workflow_manual_trigger":{"enabledWorkflows":[]},"_links":{"self":[{"href":"https:\/\/nostraigua.cat\/es\/wp-json\/wp\/v2\/posts\/6276","targetHints":{"allow":["GET"]}}],"collection":[{"href":"https:\/\/nostraigua.cat\/es\/wp-json\/wp\/v2\/posts"}],"about":[{"href":"https:\/\/nostraigua.cat\/es\/wp-json\/wp\/v2\/types\/post"}],"author":[{"embeddable":true,"href":"https:\/\/nostraigua.cat\/es\/wp-json\/wp\/v2\/users\/4"}],"replies":[{"embeddable":true,"href":"https:\/\/nostraigua.cat\/es\/wp-json\/wp\/v2\/comments?post=6276"}],"version-history":[{"count":2,"href":"https:\/\/nostraigua.cat\/es\/wp-json\/wp\/v2\/posts\/6276\/revisions"}],"predecessor-version":[{"id":6278,"href":"https:\/\/nostraigua.cat\/es\/wp-json\/wp\/v2\/posts\/6276\/revisions\/6278"}],"wp:featuredmedia":[{"embeddable":true,"href":"https:\/\/nostraigua.cat\/es\/wp-json\/wp\/v2\/media\/6274"}],"wp:attachment":[{"href":"https:\/\/nostraigua.cat\/es\/wp-json\/wp\/v2\/media?parent=6276"}],"wp:term":[{"taxonomy":"category","embeddable":true,"href":"https:\/\/nostraigua.cat\/es\/wp-json\/wp\/v2\/categories?post=6276"},{"taxonomy":"post_tag","embeddable":true,"href":"https:\/\/nostraigua.cat\/es\/wp-json\/wp\/v2\/tags?post=6276"}],"curies":[{"name":"wp","href":"https:\/\/api.w.org\/{rel}","templated":true}]}}