{"id":6114,"date":"2022-03-22T14:45:26","date_gmt":"2022-03-22T13:45:26","guid":{"rendered":"https:\/\/nostraigua.cat\/?p=6114"},"modified":"2022-03-23T08:17:34","modified_gmt":"2022-03-23T07:17:34","slug":"nostraigua-pone-en-marcha-la-campana-el-agua-que-no-utilizas-no-la-dejes-salir","status":"publish","type":"post","link":"https:\/\/nostraigua.cat\/es\/nostraigua-pone-en-marcha-la-campana-el-agua-que-no-utilizas-no-la-dejes-salir\/","title":{"rendered":"Nostraigua pone en marcha la campa\u00f1a \u201cl&#8217;aigua que no fas servir, no la deixis sortir!"},"content":{"rendered":"<ul>\n<li><strong>Coincidiendo con el 22 de marzo, el D\u00eda mundial del Agua, se pretende concienciar a la sociedad de la importancia de preservar este recurso\u00a0<\/strong><\/li>\n<\/ul>\n<p id=\"tw-target-text\" class=\"tw-data-text tw-text-large tw-ta\" dir=\"ltr\" data-placeholder=\"Traducci\u00f3n\"><span class=\"Y2IQFc\" lang=\"es\">Desde Nostraigua, y siguiendo con la estrategia del Ayuntamiento de Mont-roig del Camp de alinearse con los Objetivos Mundiales de Desarrollo Sostenible (ODS), se ha puesto en marcha la campa\u00f1a \u201cel agua que no utilizas, \u00a1no la dejes salir!\u201d. La iniciativa de concienciaci\u00f3n ciudadana arranca este martes, 22 de marzo, coincidiendo con el D\u00eda Mundial del Agua.<\/span><\/p>\n<p><iframe loading=\"lazy\" title=\"Campanya &quot;L&#039;aigua que no fas servir, no la deixis sortir!&quot; de Nostraigua\" width=\"1080\" height=\"608\" src=\"https:\/\/www.youtube.com\/embed\/zekldc213YI?feature=oembed\"  allow=\"accelerometer; autoplay; clipboard-write; encrypted-media; gyroscope; picture-in-picture\" allowfullscreen><\/iframe><\/p>\n<p><img loading=\"lazy\" decoding=\"async\" class=\"size-medium wp-image-6111 alignright\" src=\"https:\/\/nostraigua.cat\/wp-content\/uploads\/2022\/03\/Estalvi-aigua_imatge-noti-212x300.jpeg\" alt=\"\" width=\"212\" height=\"300\" \/><span class=\"Y2IQFc\" lang=\"es\">El objetivo es reflexionar, concienciar y sensibilizar sobre el agua, un elemento fr\u00e1gil, vulnerable y muy necesario para garantizar la sostenibilidad del medio ambiente, el bienestar y la calidad de vida de las personas. As\u00ed como la importancia que tiene su ahorro y hacer un uso eficiente de este recurso. <\/span><\/p>\n<p><span class=\"Y2IQFc\" lang=\"es\">De hecho, para contribuir con el ahorro de agua, desde la entidad se trabaja constantemente con campa\u00f1as preventivas de detecci\u00f3n de fugas y con mejoras de la red (en 2021 se renovaron m\u00e1s de 2 km). Sin embargo, tambi\u00e9n se quiere hacer inciso en que el ahorro de agua es responsabilidad de todos. <\/span><span class=\"Y2IQFc\" lang=\"es\">Por este motivo mediante este v\u00eddeo, que se ir\u00e1 publicando en peque\u00f1os fragmentos a lo largo de los pr\u00f3ximos d\u00edas a trav\u00e9s de las redes sociales, se recuerda que peque\u00f1os gestos de ahorro en nuestros hogares hacen posible y contribuyen al uso eficiente de agua. <\/span><span class=\"Y2IQFc\" lang=\"es\">En este sentido, y gracias a los esfuerzos realizados hasta ahora, en 2021 se han ahorrado en el municipio m\u00e1s de 360 \u200b\u200bmillones de litros de agua. <\/span><\/p>\n<p><span class=\"Y2IQFc\" lang=\"es\">Recordamos que el D\u00eda Mundial del Agua (World Water Day) se celebra cada a\u00f1o el 22 de marzo para centrar la atenci\u00f3n en la importancia del agua dulce y la defensa de la gesti\u00f3n sostenible de los recursos h\u00eddricos. Este a\u00f1o la campa\u00f1a propuesta por la ONU es \u201cHacer visible lo invisible\u201d en referencia a la protecci\u00f3n y la utilizaci\u00f3n de las aguas subterr\u00e1neas de forma sostenible para sobrevivir al cambio clim\u00e1tico y satisfacer las necesidades de una poblaci\u00f3n en constante crecimiento.<\/span><\/p>\n<p>&nbsp;<\/p>\n","protected":false},"excerpt":{"rendered":"<p>Coincidiendo con el 22 de marzo, el D\u00eda mundial del Agua, se pretende concienciar a la sociedad de la importancia de preservar este recurso\u00a0 Desde Nostraigua, y siguiendo con la estrategia del Ayuntamiento de Mont-roig del Camp de alinearse con los Objetivos Mundiales de Desarrollo Sostenible (ODS), se ha puesto en marcha la campa\u00f1a \u201cel [&hellip;]<\/p>\n","protected":false},"author":4,"featured_media":6125,"comment_status":"closed","ping_status":"closed","sticky":false,"template":"","format":"standard","meta":{"_et_pb_use_builder":"","_et_pb_old_content":"","_et_gb_content_width":"","footnotes":""},"categories":[3],"tags":[],"class_list":["post-6114","post","type-post","status-publish","format-standard","has-post-thumbnail","hentry","category-sin-categorizar"],"yoast_head":"<!-- This site is optimized with the Yoast SEO plugin v27.1.1 - https:\/\/yoast.com\/product\/yoast-seo-wordpress\/ -->\n<title>Nostraigua pone en marcha la campa\u00f1a \u201cl&#039;aigua que no fas servir, no la deixis sortir! - Nostraigua<\/title>\n<meta name=\"robots\" content=\"index, follow, max-snippet:-1, max-image-preview:large, max-video-preview:-1\" \/>\n<link rel=\"canonical\" href=\"https:\/\/nostraigua.cat\/es\/nostraigua-pone-en-marcha-la-campana-el-agua-que-no-utilizas-no-la-dejes-salir\/\" \/>\n<meta property=\"og:locale\" content=\"es_ES\" \/>\n<meta property=\"og:type\" content=\"article\" \/>\n<meta property=\"og:title\" content=\"Nostraigua pone en marcha la campa\u00f1a \u201cl&#039;aigua que no fas servir, no la deixis sortir! - Nostraigua\" \/>\n<meta property=\"og:description\" content=\"Coincidiendo con el 22 de marzo, el D\u00eda mundial del Agua, se pretende concienciar a la sociedad de la importancia de preservar este recurso\u00a0 Desde Nostraigua, y siguiendo con la estrategia del Ayuntamiento de Mont-roig del Camp de alinearse con los Objetivos Mundiales de Desarrollo Sostenible (ODS), se ha puesto en marcha la campa\u00f1a \u201cel [&hellip;]\" \/>\n<meta property=\"og:url\" content=\"https:\/\/nostraigua.cat\/es\/nostraigua-pone-en-marcha-la-campana-el-agua-que-no-utilizas-no-la-dejes-salir\/\" \/>\n<meta property=\"og:site_name\" content=\"Nostraigua\" \/>\n<meta property=\"article:published_time\" content=\"2022-03-22T13:45:26+00:00\" \/>\n<meta property=\"article:modified_time\" content=\"2022-03-23T07:17:34+00:00\" \/>\n<meta property=\"og:image\" content=\"https:\/\/nostraigua.cat\/wp-content\/uploads\/2022\/03\/Estalvi-aigua_imatge-face.jpeg\" \/>\n\t<meta property=\"og:image:width\" content=\"1200\" \/>\n\t<meta property=\"og:image:height\" content=\"630\" \/>\n\t<meta property=\"og:image:type\" content=\"image\/jpeg\" \/>\n<meta name=\"author\" content=\"Sandra Mart\u00ednez\" \/>\n<meta name=\"twitter:card\" content=\"summary_large_image\" \/>\n<meta name=\"twitter:label1\" content=\"Escrito por\" \/>\n\t<meta name=\"twitter:data1\" content=\"Sandra Mart\u00ednez\" \/>\n\t<meta name=\"twitter:label2\" content=\"Tiempo de lectura\" \/>\n\t<meta name=\"twitter:data2\" content=\"2 minutos\" \/>\n<script type=\"application\/ld+json\" class=\"yoast-schema-graph\">{\"@context\":\"https:\/\/schema.org\",\"@graph\":[{\"@type\":\"Article\",\"@id\":\"https:\/\/nostraigua.cat\/es\/nostraigua-pone-en-marcha-la-campana-el-agua-que-no-utilizas-no-la-dejes-salir\/#article\",\"isPartOf\":{\"@id\":\"https:\/\/nostraigua.cat\/es\/nostraigua-pone-en-marcha-la-campana-el-agua-que-no-utilizas-no-la-dejes-salir\/\"},\"author\":{\"name\":\"Sandra Mart\u00ednez\",\"@id\":\"https:\/\/nostraigua.cat\/es\/#\/schema\/person\/5f8da8f888199e99d7280df61c46696b\"},\"headline\":\"Nostraigua pone en marcha la campa\u00f1a \u201cl&#8217;aigua que no fas servir, no la deixis sortir!\",\"datePublished\":\"2022-03-22T13:45:26+00:00\",\"dateModified\":\"2022-03-23T07:17:34+00:00\",\"mainEntityOfPage\":{\"@id\":\"https:\/\/nostraigua.cat\/es\/nostraigua-pone-en-marcha-la-campana-el-agua-que-no-utilizas-no-la-dejes-salir\/\"},\"wordCount\":382,\"image\":{\"@id\":\"https:\/\/nostraigua.cat\/es\/nostraigua-pone-en-marcha-la-campana-el-agua-que-no-utilizas-no-la-dejes-salir\/#primaryimage\"},\"thumbnailUrl\":\"https:\/\/nostraigua.cat\/wp-content\/uploads\/2022\/03\/Estalvi-aigua_imatge-face.jpeg\",\"articleSection\":[\"Sin categorizar\"],\"inLanguage\":\"es\"},{\"@type\":\"WebPage\",\"@id\":\"https:\/\/nostraigua.cat\/es\/nostraigua-pone-en-marcha-la-campana-el-agua-que-no-utilizas-no-la-dejes-salir\/\",\"url\":\"https:\/\/nostraigua.cat\/es\/nostraigua-pone-en-marcha-la-campana-el-agua-que-no-utilizas-no-la-dejes-salir\/\",\"name\":\"Nostraigua pone en marcha la campa\u00f1a \u201cl'aigua que no fas servir, no la deixis sortir! - Nostraigua\",\"isPartOf\":{\"@id\":\"https:\/\/nostraigua.cat\/es\/#website\"},\"primaryImageOfPage\":{\"@id\":\"https:\/\/nostraigua.cat\/es\/nostraigua-pone-en-marcha-la-campana-el-agua-que-no-utilizas-no-la-dejes-salir\/#primaryimage\"},\"image\":{\"@id\":\"https:\/\/nostraigua.cat\/es\/nostraigua-pone-en-marcha-la-campana-el-agua-que-no-utilizas-no-la-dejes-salir\/#primaryimage\"},\"thumbnailUrl\":\"https:\/\/nostraigua.cat\/wp-content\/uploads\/2022\/03\/Estalvi-aigua_imatge-face.jpeg\",\"datePublished\":\"2022-03-22T13:45:26+00:00\",\"dateModified\":\"2022-03-23T07:17:34+00:00\",\"author\":{\"@id\":\"https:\/\/nostraigua.cat\/es\/#\/schema\/person\/5f8da8f888199e99d7280df61c46696b\"},\"breadcrumb\":{\"@id\":\"https:\/\/nostraigua.cat\/es\/nostraigua-pone-en-marcha-la-campana-el-agua-que-no-utilizas-no-la-dejes-salir\/#breadcrumb\"},\"inLanguage\":\"es\",\"potentialAction\":[{\"@type\":\"ReadAction\",\"target\":[\"https:\/\/nostraigua.cat\/es\/nostraigua-pone-en-marcha-la-campana-el-agua-que-no-utilizas-no-la-dejes-salir\/\"]}]},{\"@type\":\"ImageObject\",\"inLanguage\":\"es\",\"@id\":\"https:\/\/nostraigua.cat\/es\/nostraigua-pone-en-marcha-la-campana-el-agua-que-no-utilizas-no-la-dejes-salir\/#primaryimage\",\"url\":\"https:\/\/nostraigua.cat\/wp-content\/uploads\/2022\/03\/Estalvi-aigua_imatge-face.jpeg\",\"contentUrl\":\"https:\/\/nostraigua.cat\/wp-content\/uploads\/2022\/03\/Estalvi-aigua_imatge-face.jpeg\",\"width\":1200,\"height\":630},{\"@type\":\"BreadcrumbList\",\"@id\":\"https:\/\/nostraigua.cat\/es\/nostraigua-pone-en-marcha-la-campana-el-agua-que-no-utilizas-no-la-dejes-salir\/#breadcrumb\",\"itemListElement\":[{\"@type\":\"ListItem\",\"position\":1,\"name\":\"Portada\",\"item\":\"https:\/\/nostraigua.cat\/es\/\"},{\"@type\":\"ListItem\",\"position\":2,\"name\":\"Nostraigua pone en marcha la campa\u00f1a \u201cl&#8217;aigua que no fas servir, no la deixis sortir!\"}]},{\"@type\":\"WebSite\",\"@id\":\"https:\/\/nostraigua.cat\/es\/#website\",\"url\":\"https:\/\/nostraigua.cat\/es\/\",\"name\":\"Nostraigua\",\"description\":\"Nostraigua\",\"potentialAction\":[{\"@type\":\"SearchAction\",\"target\":{\"@type\":\"EntryPoint\",\"urlTemplate\":\"https:\/\/nostraigua.cat\/es\/?s={search_term_string}\"},\"query-input\":{\"@type\":\"PropertyValueSpecification\",\"valueRequired\":true,\"valueName\":\"search_term_string\"}}],\"inLanguage\":\"es\"},{\"@type\":\"Person\",\"@id\":\"https:\/\/nostraigua.cat\/es\/#\/schema\/person\/5f8da8f888199e99d7280df61c46696b\",\"name\":\"Sandra Mart\u00ednez\",\"image\":{\"@type\":\"ImageObject\",\"inLanguage\":\"es\",\"@id\":\"https:\/\/nostraigua.cat\/es\/#\/schema\/person\/image\/\",\"url\":\"https:\/\/secure.gravatar.com\/avatar\/9022974ff524f30a58d4dafe9b47985343ff045d55f476573cb019639148e912?s=96&r=g\",\"contentUrl\":\"https:\/\/secure.gravatar.com\/avatar\/9022974ff524f30a58d4dafe9b47985343ff045d55f476573cb019639148e912?s=96&r=g\",\"caption\":\"Sandra Mart\u00ednez\"}}]}<\/script>\n<!-- \/ Yoast SEO plugin. -->","yoast_head_json":{"title":"Nostraigua pone en marcha la campa\u00f1a \u201cl'aigua que no fas servir, no la deixis sortir! - Nostraigua","robots":{"index":"index","follow":"follow","max-snippet":"max-snippet:-1","max-image-preview":"max-image-preview:large","max-video-preview":"max-video-preview:-1"},"canonical":"https:\/\/nostraigua.cat\/es\/nostraigua-pone-en-marcha-la-campana-el-agua-que-no-utilizas-no-la-dejes-salir\/","og_locale":"es_ES","og_type":"article","og_title":"Nostraigua pone en marcha la campa\u00f1a \u201cl'aigua que no fas servir, no la deixis sortir! - Nostraigua","og_description":"Coincidiendo con el 22 de marzo, el D\u00eda mundial del Agua, se pretende concienciar a la sociedad de la importancia de preservar este recurso\u00a0 Desde Nostraigua, y siguiendo con la estrategia del Ayuntamiento de Mont-roig del Camp de alinearse con los Objetivos Mundiales de Desarrollo Sostenible (ODS), se ha puesto en marcha la campa\u00f1a \u201cel [&hellip;]","og_url":"https:\/\/nostraigua.cat\/es\/nostraigua-pone-en-marcha-la-campana-el-agua-que-no-utilizas-no-la-dejes-salir\/","og_site_name":"Nostraigua","article_published_time":"2022-03-22T13:45:26+00:00","article_modified_time":"2022-03-23T07:17:34+00:00","og_image":[{"width":1200,"height":630,"url":"https:\/\/nostraigua.cat\/wp-content\/uploads\/2022\/03\/Estalvi-aigua_imatge-face.jpeg","type":"image\/jpeg"}],"author":"Sandra Mart\u00ednez","twitter_card":"summary_large_image","twitter_misc":{"Escrito por":"Sandra Mart\u00ednez","Tiempo de lectura":"2 minutos"},"schema":{"@context":"https:\/\/schema.org","@graph":[{"@type":"Article","@id":"https:\/\/nostraigua.cat\/es\/nostraigua-pone-en-marcha-la-campana-el-agua-que-no-utilizas-no-la-dejes-salir\/#article","isPartOf":{"@id":"https:\/\/nostraigua.cat\/es\/nostraigua-pone-en-marcha-la-campana-el-agua-que-no-utilizas-no-la-dejes-salir\/"},"author":{"name":"Sandra Mart\u00ednez","@id":"https:\/\/nostraigua.cat\/es\/#\/schema\/person\/5f8da8f888199e99d7280df61c46696b"},"headline":"Nostraigua pone en marcha la campa\u00f1a \u201cl&#8217;aigua que no fas servir, no la deixis sortir!","datePublished":"2022-03-22T13:45:26+00:00","dateModified":"2022-03-23T07:17:34+00:00","mainEntityOfPage":{"@id":"https:\/\/nostraigua.cat\/es\/nostraigua-pone-en-marcha-la-campana-el-agua-que-no-utilizas-no-la-dejes-salir\/"},"wordCount":382,"image":{"@id":"https:\/\/nostraigua.cat\/es\/nostraigua-pone-en-marcha-la-campana-el-agua-que-no-utilizas-no-la-dejes-salir\/#primaryimage"},"thumbnailUrl":"https:\/\/nostraigua.cat\/wp-content\/uploads\/2022\/03\/Estalvi-aigua_imatge-face.jpeg","articleSection":["Sin categorizar"],"inLanguage":"es"},{"@type":"WebPage","@id":"https:\/\/nostraigua.cat\/es\/nostraigua-pone-en-marcha-la-campana-el-agua-que-no-utilizas-no-la-dejes-salir\/","url":"https:\/\/nostraigua.cat\/es\/nostraigua-pone-en-marcha-la-campana-el-agua-que-no-utilizas-no-la-dejes-salir\/","name":"Nostraigua pone en marcha la campa\u00f1a \u201cl'aigua que no fas servir, no la deixis sortir! - Nostraigua","isPartOf":{"@id":"https:\/\/nostraigua.cat\/es\/#website"},"primaryImageOfPage":{"@id":"https:\/\/nostraigua.cat\/es\/nostraigua-pone-en-marcha-la-campana-el-agua-que-no-utilizas-no-la-dejes-salir\/#primaryimage"},"image":{"@id":"https:\/\/nostraigua.cat\/es\/nostraigua-pone-en-marcha-la-campana-el-agua-que-no-utilizas-no-la-dejes-salir\/#primaryimage"},"thumbnailUrl":"https:\/\/nostraigua.cat\/wp-content\/uploads\/2022\/03\/Estalvi-aigua_imatge-face.jpeg","datePublished":"2022-03-22T13:45:26+00:00","dateModified":"2022-03-23T07:17:34+00:00","author":{"@id":"https:\/\/nostraigua.cat\/es\/#\/schema\/person\/5f8da8f888199e99d7280df61c46696b"},"breadcrumb":{"@id":"https:\/\/nostraigua.cat\/es\/nostraigua-pone-en-marcha-la-campana-el-agua-que-no-utilizas-no-la-dejes-salir\/#breadcrumb"},"inLanguage":"es","potentialAction":[{"@type":"ReadAction","target":["https:\/\/nostraigua.cat\/es\/nostraigua-pone-en-marcha-la-campana-el-agua-que-no-utilizas-no-la-dejes-salir\/"]}]},{"@type":"ImageObject","inLanguage":"es","@id":"https:\/\/nostraigua.cat\/es\/nostraigua-pone-en-marcha-la-campana-el-agua-que-no-utilizas-no-la-dejes-salir\/#primaryimage","url":"https:\/\/nostraigua.cat\/wp-content\/uploads\/2022\/03\/Estalvi-aigua_imatge-face.jpeg","contentUrl":"https:\/\/nostraigua.cat\/wp-content\/uploads\/2022\/03\/Estalvi-aigua_imatge-face.jpeg","width":1200,"height":630},{"@type":"BreadcrumbList","@id":"https:\/\/nostraigua.cat\/es\/nostraigua-pone-en-marcha-la-campana-el-agua-que-no-utilizas-no-la-dejes-salir\/#breadcrumb","itemListElement":[{"@type":"ListItem","position":1,"name":"Portada","item":"https:\/\/nostraigua.cat\/es\/"},{"@type":"ListItem","position":2,"name":"Nostraigua pone en marcha la campa\u00f1a \u201cl&#8217;aigua que no fas servir, no la deixis sortir!"}]},{"@type":"WebSite","@id":"https:\/\/nostraigua.cat\/es\/#website","url":"https:\/\/nostraigua.cat\/es\/","name":"Nostraigua","description":"Nostraigua","potentialAction":[{"@type":"SearchAction","target":{"@type":"EntryPoint","urlTemplate":"https:\/\/nostraigua.cat\/es\/?s={search_term_string}"},"query-input":{"@type":"PropertyValueSpecification","valueRequired":true,"valueName":"search_term_string"}}],"inLanguage":"es"},{"@type":"Person","@id":"https:\/\/nostraigua.cat\/es\/#\/schema\/person\/5f8da8f888199e99d7280df61c46696b","name":"Sandra Mart\u00ednez","image":{"@type":"ImageObject","inLanguage":"es","@id":"https:\/\/nostraigua.cat\/es\/#\/schema\/person\/image\/","url":"https:\/\/secure.gravatar.com\/avatar\/9022974ff524f30a58d4dafe9b47985343ff045d55f476573cb019639148e912?s=96&r=g","contentUrl":"https:\/\/secure.gravatar.com\/avatar\/9022974ff524f30a58d4dafe9b47985343ff045d55f476573cb019639148e912?s=96&r=g","caption":"Sandra Mart\u00ednez"}}]}},"publishpress_future_action":{"enabled":false,"date":"2026-05-01 20:04:42","action":"change-status","newStatus":"draft","terms":[],"taxonomy":"category","extraData":[]},"publishpress_future_workflow_manual_trigger":{"enabledWorkflows":[]},"_links":{"self":[{"href":"https:\/\/nostraigua.cat\/es\/wp-json\/wp\/v2\/posts\/6114","targetHints":{"allow":["GET"]}}],"collection":[{"href":"https:\/\/nostraigua.cat\/es\/wp-json\/wp\/v2\/posts"}],"about":[{"href":"https:\/\/nostraigua.cat\/es\/wp-json\/wp\/v2\/types\/post"}],"author":[{"embeddable":true,"href":"https:\/\/nostraigua.cat\/es\/wp-json\/wp\/v2\/users\/4"}],"replies":[{"embeddable":true,"href":"https:\/\/nostraigua.cat\/es\/wp-json\/wp\/v2\/comments?post=6114"}],"version-history":[{"count":4,"href":"https:\/\/nostraigua.cat\/es\/wp-json\/wp\/v2\/posts\/6114\/revisions"}],"predecessor-version":[{"id":6132,"href":"https:\/\/nostraigua.cat\/es\/wp-json\/wp\/v2\/posts\/6114\/revisions\/6132"}],"wp:featuredmedia":[{"embeddable":true,"href":"https:\/\/nostraigua.cat\/es\/wp-json\/wp\/v2\/media\/6125"}],"wp:attachment":[{"href":"https:\/\/nostraigua.cat\/es\/wp-json\/wp\/v2\/media?parent=6114"}],"wp:term":[{"taxonomy":"category","embeddable":true,"href":"https:\/\/nostraigua.cat\/es\/wp-json\/wp\/v2\/categories?post=6114"},{"taxonomy":"post_tag","embeddable":true,"href":"https:\/\/nostraigua.cat\/es\/wp-json\/wp\/v2\/tags?post=6114"}],"curies":[{"name":"wp","href":"https:\/\/api.w.org\/{rel}","templated":true}]}}