{"id":4884,"date":"2021-06-01T13:57:38","date_gmt":"2021-06-01T11:57:38","guid":{"rendered":"https:\/\/nostraigua.cat\/representantes-del-mundo-local-de-toda-cataluna-se-encuentran-para-defender-la-gestion-publica-del-agua-y-denunciar-su-judicializacion\/"},"modified":"2021-06-01T13:57:38","modified_gmt":"2021-06-01T11:57:38","slug":"representantes-del-mundo-local-de-toda-cataluna-se-encuentran-para-defender-la-gestion-publica-del-agua-y-denunciar-su-judicializacion","status":"publish","type":"post","link":"https:\/\/nostraigua.cat\/es\/representantes-del-mundo-local-de-toda-cataluna-se-encuentran-para-defender-la-gestion-publica-del-agua-y-denunciar-su-judicializacion\/","title":{"rendered":"Representantes del mundo local de toda Catalu\u00f1a se encuentran para defender la gesti\u00f3n p\u00fablica del agua y denunciar su judicializaci\u00f3n"},"content":{"rendered":"<p><span class=\"style-scope yt-formatted-string\" dir=\"auto\">Una treintena de peque\u00f3s y medianos municipios denuncian la batalla judicial que llevan a cabo con la empresa privada por la gesti\u00f3n p\u00fablica del agua.\u00a0<\/span><\/p>\n<p><iframe loading=\"lazy\" title=\"La gesti\u00f3 p\u00fablica de l&#039;aigua s&#039;empantanega als jutjats\" width=\"1080\" height=\"608\" src=\"https:\/\/www.youtube.com\/embed\/OGLEZ9tQt5Y?feature=oembed\"  allow=\"accelerometer; autoplay; clipboard-write; encrypted-media; gyroscope; picture-in-picture\" allowfullscreen><\/iframe><\/p>\n","protected":false},"excerpt":{"rendered":"<p>Una treintena de peque\u00f3s y medianos municipios denuncian la batalla judicial que llevan a cabo con la empresa privada por la gesti\u00f3n p\u00fablica del agua.\u00a0<\/p>\n","protected":false},"author":4,"featured_media":4878,"comment_status":"closed","ping_status":"closed","sticky":false,"template":"","format":"standard","meta":{"_et_pb_use_builder":"","_et_pb_old_content":"","_et_gb_content_width":"","footnotes":""},"categories":[3],"tags":[],"class_list":["post-4884","post","type-post","status-publish","format-standard","has-post-thumbnail","hentry","category-sin-categorizar"],"yoast_head":"<!-- This site is optimized with the Yoast SEO plugin v27.1.1 - https:\/\/yoast.com\/product\/yoast-seo-wordpress\/ -->\n<title>Representantes del mundo local de toda Catalu\u00f1a se encuentran para defender la gesti\u00f3n p\u00fablica del agua y denunciar su judicializaci\u00f3n - Nostraigua<\/title>\n<meta name=\"robots\" content=\"index, follow, max-snippet:-1, max-image-preview:large, max-video-preview:-1\" \/>\n<link rel=\"canonical\" href=\"https:\/\/nostraigua.cat\/es\/representantes-del-mundo-local-de-toda-cataluna-se-encuentran-para-defender-la-gestion-publica-del-agua-y-denunciar-su-judicializacion\/\" \/>\n<meta property=\"og:locale\" content=\"es_ES\" \/>\n<meta property=\"og:type\" content=\"article\" \/>\n<meta property=\"og:title\" content=\"Representantes del mundo local de toda Catalu\u00f1a se encuentran para defender la gesti\u00f3n p\u00fablica del agua y denunciar su judicializaci\u00f3n - Nostraigua\" \/>\n<meta property=\"og:description\" content=\"Una treintena de peque\u00f3s y medianos municipios denuncian la batalla judicial que llevan a cabo con la empresa privada por la gesti\u00f3n p\u00fablica del agua.\u00a0\" \/>\n<meta property=\"og:url\" content=\"https:\/\/nostraigua.cat\/es\/representantes-del-mundo-local-de-toda-cataluna-se-encuentran-para-defender-la-gestion-publica-del-agua-y-denunciar-su-judicializacion\/\" \/>\n<meta property=\"og:site_name\" content=\"Nostraigua\" \/>\n<meta property=\"article:published_time\" content=\"2021-06-01T11:57:38+00:00\" \/>\n<meta property=\"og:image\" content=\"https:\/\/nostraigua.cat\/wp-content\/uploads\/2021\/06\/Imatges-noti-gest-publ-aigua-e1622548025128.jpg\" \/>\n\t<meta property=\"og:image:width\" content=\"299\" \/>\n\t<meta property=\"og:image:height\" content=\"169\" \/>\n\t<meta property=\"og:image:type\" content=\"image\/jpeg\" \/>\n<meta name=\"author\" content=\"Sandra Mart\u00ednez\" \/>\n<meta name=\"twitter:card\" content=\"summary_large_image\" \/>\n<meta name=\"twitter:label1\" content=\"Escrito por\" \/>\n\t<meta name=\"twitter:data1\" content=\"Sandra Mart\u00ednez\" \/>\n<script type=\"application\/ld+json\" class=\"yoast-schema-graph\">{\"@context\":\"https:\/\/schema.org\",\"@graph\":[{\"@type\":\"Article\",\"@id\":\"https:\/\/nostraigua.cat\/es\/representantes-del-mundo-local-de-toda-cataluna-se-encuentran-para-defender-la-gestion-publica-del-agua-y-denunciar-su-judicializacion\/#article\",\"isPartOf\":{\"@id\":\"https:\/\/nostraigua.cat\/es\/representantes-del-mundo-local-de-toda-cataluna-se-encuentran-para-defender-la-gestion-publica-del-agua-y-denunciar-su-judicializacion\/\"},\"author\":{\"name\":\"Sandra Mart\u00ednez\",\"@id\":\"https:\/\/nostraigua.cat\/es\/#\/schema\/person\/5f8da8f888199e99d7280df61c46696b\"},\"headline\":\"Representantes del mundo local de toda Catalu\u00f1a se encuentran para defender la gesti\u00f3n p\u00fablica del agua y denunciar su judicializaci\u00f3n\",\"datePublished\":\"2021-06-01T11:57:38+00:00\",\"mainEntityOfPage\":{\"@id\":\"https:\/\/nostraigua.cat\/es\/representantes-del-mundo-local-de-toda-cataluna-se-encuentran-para-defender-la-gestion-publica-del-agua-y-denunciar-su-judicializacion\/\"},\"wordCount\":60,\"image\":{\"@id\":\"https:\/\/nostraigua.cat\/es\/representantes-del-mundo-local-de-toda-cataluna-se-encuentran-para-defender-la-gestion-publica-del-agua-y-denunciar-su-judicializacion\/#primaryimage\"},\"thumbnailUrl\":\"https:\/\/nostraigua.cat\/wp-content\/uploads\/2021\/06\/Imatges-noti-gest-publ-aigua-e1622548025128.jpg\",\"articleSection\":[\"Sin categorizar\"],\"inLanguage\":\"es\"},{\"@type\":\"WebPage\",\"@id\":\"https:\/\/nostraigua.cat\/es\/representantes-del-mundo-local-de-toda-cataluna-se-encuentran-para-defender-la-gestion-publica-del-agua-y-denunciar-su-judicializacion\/\",\"url\":\"https:\/\/nostraigua.cat\/es\/representantes-del-mundo-local-de-toda-cataluna-se-encuentran-para-defender-la-gestion-publica-del-agua-y-denunciar-su-judicializacion\/\",\"name\":\"Representantes del mundo local de toda Catalu\u00f1a se encuentran para defender la gesti\u00f3n p\u00fablica del agua y denunciar su judicializaci\u00f3n - Nostraigua\",\"isPartOf\":{\"@id\":\"https:\/\/nostraigua.cat\/es\/#website\"},\"primaryImageOfPage\":{\"@id\":\"https:\/\/nostraigua.cat\/es\/representantes-del-mundo-local-de-toda-cataluna-se-encuentran-para-defender-la-gestion-publica-del-agua-y-denunciar-su-judicializacion\/#primaryimage\"},\"image\":{\"@id\":\"https:\/\/nostraigua.cat\/es\/representantes-del-mundo-local-de-toda-cataluna-se-encuentran-para-defender-la-gestion-publica-del-agua-y-denunciar-su-judicializacion\/#primaryimage\"},\"thumbnailUrl\":\"https:\/\/nostraigua.cat\/wp-content\/uploads\/2021\/06\/Imatges-noti-gest-publ-aigua-e1622548025128.jpg\",\"datePublished\":\"2021-06-01T11:57:38+00:00\",\"author\":{\"@id\":\"https:\/\/nostraigua.cat\/es\/#\/schema\/person\/5f8da8f888199e99d7280df61c46696b\"},\"breadcrumb\":{\"@id\":\"https:\/\/nostraigua.cat\/es\/representantes-del-mundo-local-de-toda-cataluna-se-encuentran-para-defender-la-gestion-publica-del-agua-y-denunciar-su-judicializacion\/#breadcrumb\"},\"inLanguage\":\"es\",\"potentialAction\":[{\"@type\":\"ReadAction\",\"target\":[\"https:\/\/nostraigua.cat\/es\/representantes-del-mundo-local-de-toda-cataluna-se-encuentran-para-defender-la-gestion-publica-del-agua-y-denunciar-su-judicializacion\/\"]}]},{\"@type\":\"ImageObject\",\"inLanguage\":\"es\",\"@id\":\"https:\/\/nostraigua.cat\/es\/representantes-del-mundo-local-de-toda-cataluna-se-encuentran-para-defender-la-gestion-publica-del-agua-y-denunciar-su-judicializacion\/#primaryimage\",\"url\":\"https:\/\/nostraigua.cat\/wp-content\/uploads\/2021\/06\/Imatges-noti-gest-publ-aigua-e1622548025128.jpg\",\"contentUrl\":\"https:\/\/nostraigua.cat\/wp-content\/uploads\/2021\/06\/Imatges-noti-gest-publ-aigua-e1622548025128.jpg\",\"width\":299,\"height\":169},{\"@type\":\"BreadcrumbList\",\"@id\":\"https:\/\/nostraigua.cat\/es\/representantes-del-mundo-local-de-toda-cataluna-se-encuentran-para-defender-la-gestion-publica-del-agua-y-denunciar-su-judicializacion\/#breadcrumb\",\"itemListElement\":[{\"@type\":\"ListItem\",\"position\":1,\"name\":\"Portada\",\"item\":\"https:\/\/nostraigua.cat\/es\/\"},{\"@type\":\"ListItem\",\"position\":2,\"name\":\"Representantes del mundo local de toda Catalu\u00f1a se encuentran para defender la gesti\u00f3n p\u00fablica del agua y denunciar su judicializaci\u00f3n\"}]},{\"@type\":\"WebSite\",\"@id\":\"https:\/\/nostraigua.cat\/es\/#website\",\"url\":\"https:\/\/nostraigua.cat\/es\/\",\"name\":\"Nostraigua\",\"description\":\"Nostraigua\",\"potentialAction\":[{\"@type\":\"SearchAction\",\"target\":{\"@type\":\"EntryPoint\",\"urlTemplate\":\"https:\/\/nostraigua.cat\/es\/?s={search_term_string}\"},\"query-input\":{\"@type\":\"PropertyValueSpecification\",\"valueRequired\":true,\"valueName\":\"search_term_string\"}}],\"inLanguage\":\"es\"},{\"@type\":\"Person\",\"@id\":\"https:\/\/nostraigua.cat\/es\/#\/schema\/person\/5f8da8f888199e99d7280df61c46696b\",\"name\":\"Sandra Mart\u00ednez\",\"image\":{\"@type\":\"ImageObject\",\"inLanguage\":\"es\",\"@id\":\"https:\/\/nostraigua.cat\/es\/#\/schema\/person\/image\/\",\"url\":\"https:\/\/secure.gravatar.com\/avatar\/9022974ff524f30a58d4dafe9b47985343ff045d55f476573cb019639148e912?s=96&r=g\",\"contentUrl\":\"https:\/\/secure.gravatar.com\/avatar\/9022974ff524f30a58d4dafe9b47985343ff045d55f476573cb019639148e912?s=96&r=g\",\"caption\":\"Sandra Mart\u00ednez\"}}]}<\/script>\n<!-- \/ Yoast SEO plugin. -->","yoast_head_json":{"title":"Representantes del mundo local de toda Catalu\u00f1a se encuentran para defender la gesti\u00f3n p\u00fablica del agua y denunciar su judicializaci\u00f3n - Nostraigua","robots":{"index":"index","follow":"follow","max-snippet":"max-snippet:-1","max-image-preview":"max-image-preview:large","max-video-preview":"max-video-preview:-1"},"canonical":"https:\/\/nostraigua.cat\/es\/representantes-del-mundo-local-de-toda-cataluna-se-encuentran-para-defender-la-gestion-publica-del-agua-y-denunciar-su-judicializacion\/","og_locale":"es_ES","og_type":"article","og_title":"Representantes del mundo local de toda Catalu\u00f1a se encuentran para defender la gesti\u00f3n p\u00fablica del agua y denunciar su judicializaci\u00f3n - Nostraigua","og_description":"Una treintena de peque\u00f3s y medianos municipios denuncian la batalla judicial que llevan a cabo con la empresa privada por la gesti\u00f3n p\u00fablica del agua.\u00a0","og_url":"https:\/\/nostraigua.cat\/es\/representantes-del-mundo-local-de-toda-cataluna-se-encuentran-para-defender-la-gestion-publica-del-agua-y-denunciar-su-judicializacion\/","og_site_name":"Nostraigua","article_published_time":"2021-06-01T11:57:38+00:00","og_image":[{"width":299,"height":169,"url":"https:\/\/nostraigua.cat\/wp-content\/uploads\/2021\/06\/Imatges-noti-gest-publ-aigua-e1622548025128.jpg","type":"image\/jpeg"}],"author":"Sandra Mart\u00ednez","twitter_card":"summary_large_image","twitter_misc":{"Escrito por":"Sandra Mart\u00ednez"},"schema":{"@context":"https:\/\/schema.org","@graph":[{"@type":"Article","@id":"https:\/\/nostraigua.cat\/es\/representantes-del-mundo-local-de-toda-cataluna-se-encuentran-para-defender-la-gestion-publica-del-agua-y-denunciar-su-judicializacion\/#article","isPartOf":{"@id":"https:\/\/nostraigua.cat\/es\/representantes-del-mundo-local-de-toda-cataluna-se-encuentran-para-defender-la-gestion-publica-del-agua-y-denunciar-su-judicializacion\/"},"author":{"name":"Sandra Mart\u00ednez","@id":"https:\/\/nostraigua.cat\/es\/#\/schema\/person\/5f8da8f888199e99d7280df61c46696b"},"headline":"Representantes del mundo local de toda Catalu\u00f1a se encuentran para defender la gesti\u00f3n p\u00fablica del agua y denunciar su judicializaci\u00f3n","datePublished":"2021-06-01T11:57:38+00:00","mainEntityOfPage":{"@id":"https:\/\/nostraigua.cat\/es\/representantes-del-mundo-local-de-toda-cataluna-se-encuentran-para-defender-la-gestion-publica-del-agua-y-denunciar-su-judicializacion\/"},"wordCount":60,"image":{"@id":"https:\/\/nostraigua.cat\/es\/representantes-del-mundo-local-de-toda-cataluna-se-encuentran-para-defender-la-gestion-publica-del-agua-y-denunciar-su-judicializacion\/#primaryimage"},"thumbnailUrl":"https:\/\/nostraigua.cat\/wp-content\/uploads\/2021\/06\/Imatges-noti-gest-publ-aigua-e1622548025128.jpg","articleSection":["Sin categorizar"],"inLanguage":"es"},{"@type":"WebPage","@id":"https:\/\/nostraigua.cat\/es\/representantes-del-mundo-local-de-toda-cataluna-se-encuentran-para-defender-la-gestion-publica-del-agua-y-denunciar-su-judicializacion\/","url":"https:\/\/nostraigua.cat\/es\/representantes-del-mundo-local-de-toda-cataluna-se-encuentran-para-defender-la-gestion-publica-del-agua-y-denunciar-su-judicializacion\/","name":"Representantes del mundo local de toda Catalu\u00f1a se encuentran para defender la gesti\u00f3n p\u00fablica del agua y denunciar su judicializaci\u00f3n - Nostraigua","isPartOf":{"@id":"https:\/\/nostraigua.cat\/es\/#website"},"primaryImageOfPage":{"@id":"https:\/\/nostraigua.cat\/es\/representantes-del-mundo-local-de-toda-cataluna-se-encuentran-para-defender-la-gestion-publica-del-agua-y-denunciar-su-judicializacion\/#primaryimage"},"image":{"@id":"https:\/\/nostraigua.cat\/es\/representantes-del-mundo-local-de-toda-cataluna-se-encuentran-para-defender-la-gestion-publica-del-agua-y-denunciar-su-judicializacion\/#primaryimage"},"thumbnailUrl":"https:\/\/nostraigua.cat\/wp-content\/uploads\/2021\/06\/Imatges-noti-gest-publ-aigua-e1622548025128.jpg","datePublished":"2021-06-01T11:57:38+00:00","author":{"@id":"https:\/\/nostraigua.cat\/es\/#\/schema\/person\/5f8da8f888199e99d7280df61c46696b"},"breadcrumb":{"@id":"https:\/\/nostraigua.cat\/es\/representantes-del-mundo-local-de-toda-cataluna-se-encuentran-para-defender-la-gestion-publica-del-agua-y-denunciar-su-judicializacion\/#breadcrumb"},"inLanguage":"es","potentialAction":[{"@type":"ReadAction","target":["https:\/\/nostraigua.cat\/es\/representantes-del-mundo-local-de-toda-cataluna-se-encuentran-para-defender-la-gestion-publica-del-agua-y-denunciar-su-judicializacion\/"]}]},{"@type":"ImageObject","inLanguage":"es","@id":"https:\/\/nostraigua.cat\/es\/representantes-del-mundo-local-de-toda-cataluna-se-encuentran-para-defender-la-gestion-publica-del-agua-y-denunciar-su-judicializacion\/#primaryimage","url":"https:\/\/nostraigua.cat\/wp-content\/uploads\/2021\/06\/Imatges-noti-gest-publ-aigua-e1622548025128.jpg","contentUrl":"https:\/\/nostraigua.cat\/wp-content\/uploads\/2021\/06\/Imatges-noti-gest-publ-aigua-e1622548025128.jpg","width":299,"height":169},{"@type":"BreadcrumbList","@id":"https:\/\/nostraigua.cat\/es\/representantes-del-mundo-local-de-toda-cataluna-se-encuentran-para-defender-la-gestion-publica-del-agua-y-denunciar-su-judicializacion\/#breadcrumb","itemListElement":[{"@type":"ListItem","position":1,"name":"Portada","item":"https:\/\/nostraigua.cat\/es\/"},{"@type":"ListItem","position":2,"name":"Representantes del mundo local de toda Catalu\u00f1a se encuentran para defender la gesti\u00f3n p\u00fablica del agua y denunciar su judicializaci\u00f3n"}]},{"@type":"WebSite","@id":"https:\/\/nostraigua.cat\/es\/#website","url":"https:\/\/nostraigua.cat\/es\/","name":"Nostraigua","description":"Nostraigua","potentialAction":[{"@type":"SearchAction","target":{"@type":"EntryPoint","urlTemplate":"https:\/\/nostraigua.cat\/es\/?s={search_term_string}"},"query-input":{"@type":"PropertyValueSpecification","valueRequired":true,"valueName":"search_term_string"}}],"inLanguage":"es"},{"@type":"Person","@id":"https:\/\/nostraigua.cat\/es\/#\/schema\/person\/5f8da8f888199e99d7280df61c46696b","name":"Sandra Mart\u00ednez","image":{"@type":"ImageObject","inLanguage":"es","@id":"https:\/\/nostraigua.cat\/es\/#\/schema\/person\/image\/","url":"https:\/\/secure.gravatar.com\/avatar\/9022974ff524f30a58d4dafe9b47985343ff045d55f476573cb019639148e912?s=96&r=g","contentUrl":"https:\/\/secure.gravatar.com\/avatar\/9022974ff524f30a58d4dafe9b47985343ff045d55f476573cb019639148e912?s=96&r=g","caption":"Sandra Mart\u00ednez"}}]}},"publishpress_future_action":{"enabled":false,"date":"2026-05-02 15:12:31","action":"change-status","newStatus":"draft","terms":[],"taxonomy":"category","extraData":[]},"publishpress_future_workflow_manual_trigger":{"enabledWorkflows":[]},"_links":{"self":[{"href":"https:\/\/nostraigua.cat\/es\/wp-json\/wp\/v2\/posts\/4884","targetHints":{"allow":["GET"]}}],"collection":[{"href":"https:\/\/nostraigua.cat\/es\/wp-json\/wp\/v2\/posts"}],"about":[{"href":"https:\/\/nostraigua.cat\/es\/wp-json\/wp\/v2\/types\/post"}],"author":[{"embeddable":true,"href":"https:\/\/nostraigua.cat\/es\/wp-json\/wp\/v2\/users\/4"}],"replies":[{"embeddable":true,"href":"https:\/\/nostraigua.cat\/es\/wp-json\/wp\/v2\/comments?post=4884"}],"version-history":[{"count":0,"href":"https:\/\/nostraigua.cat\/es\/wp-json\/wp\/v2\/posts\/4884\/revisions"}],"wp:featuredmedia":[{"embeddable":true,"href":"https:\/\/nostraigua.cat\/es\/wp-json\/wp\/v2\/media\/4878"}],"wp:attachment":[{"href":"https:\/\/nostraigua.cat\/es\/wp-json\/wp\/v2\/media?parent=4884"}],"wp:term":[{"taxonomy":"category","embeddable":true,"href":"https:\/\/nostraigua.cat\/es\/wp-json\/wp\/v2\/categories?post=4884"},{"taxonomy":"post_tag","embeddable":true,"href":"https:\/\/nostraigua.cat\/es\/wp-json\/wp\/v2\/tags?post=4884"}],"curies":[{"name":"wp","href":"https:\/\/api.w.org\/{rel}","templated":true}]}}