{"id":12394,"date":"2026-03-16T13:14:19","date_gmt":"2026-03-16T12:14:19","guid":{"rendered":"https:\/\/nostraigua.cat\/?p=12394"},"modified":"2026-03-16T13:14:19","modified_gmt":"2026-03-16T12:14:19","slug":"asistimos-a-una-jornada-clave-sobre-innovacion-y-sostenibilidad-en-el-ciclo-del-agua","status":"publish","type":"post","link":"https:\/\/nostraigua.cat\/es\/asistimos-a-una-jornada-clave-sobre-innovacion-y-sostenibilidad-en-el-ciclo-del-agua\/","title":{"rendered":"Asistimos a una jornada clave sobre innovaci\u00f3n y sostenibilidad en el ciclo del agua"},"content":{"rendered":"<ul>\n<li><strong>Profesionales del sector comparten experiencias, soluciones tecnol\u00f3gicas y retos en un taller organizado por Aig\u00fces de Manresa en el Palau Firal de Manresa<img loading=\"lazy\" decoding=\"async\" class=\"size-medium wp-image-12392 alignright\" src=\"https:\/\/nostraigua.cat\/wp-content\/uploads\/2026\/03\/20260311_TALLER01-980x735-1-300x225.jpg\" alt=\"\" width=\"300\" height=\"225\" \/><\/strong><\/li>\n<\/ul>\n<p>Ayer asistimos a una jornada t\u00e9cnica en el Palau Firal de Manresa, organizada por Aig\u00fces de Manresa, centrada en la transferencia de experiencias del proyecto \u201cSostenibilidad en el ciclo del agua\u201d. El encuentro reuni\u00f3 a una veintena de profesionales y entidades del sector con el objetivo de compartir conocimiento, soluciones tecnol\u00f3gicas y retos para avanzar hacia una gesti\u00f3n m\u00e1s eficiente e inteligente del ciclo del agua.<\/p>\n<p>La sesi\u00f3n se inici\u00f3 con la bienvenida de Esther Costa, directora de operaciones de Aig\u00fces de Manresa, y con la presentaci\u00f3n de la din\u00e1mica de trabajo a cargo de Sergi Compte, del Catalan Water Partnership, quien destac\u00f3 la importancia de generar espacios de transferencia tecnol\u00f3gica entre operadores y empresas del sector.<\/p>\n<p>A lo largo de la jornada conocimos diversos casos pr\u00e1cticos desarrollados en el marco del proyecto, lo que nos permiti\u00f3 comprender mejor c\u00f3mo se est\u00e1n aplicando soluciones innovadoras en la gesti\u00f3n de las redes de agua. Se present\u00f3 el redise\u00f1o del sistema de telecontrol con tecnolog\u00eda abierta, as\u00ed como la evoluci\u00f3n del GIS corporativo hacia un modelo basado en c\u00f3digo abierto que integra datos y mejora la gesti\u00f3n de las infraestructuras.<\/p>\n<p>Tambi\u00e9n se expuso el despliegue de la sens\u00f3rica en la red, con la instalaci\u00f3n de cerca de 3.750 sensores que facilitan el monitoreo en tiempo real y la toma de decisiones operativas, as\u00ed como el desarrollo de aplicaciones corporativas con software abierto sobre la plataforma Odoo, que permiten optimizar la planificaci\u00f3n y el control de los procesos internos.<\/p>\n<p>La jornada combin\u00f3 presentaciones t\u00e9cnicas con espacios de debate, lo que nos permiti\u00f3 no solo conocer los resultados de los proyectos, sino tambi\u00e9n compartir experiencias, dificultades y aprendizajes con otros profesionales del sector.<\/p>\n<p>Para nosotros, esta experiencia ha sido muy enriquecedora, ya que nos ha aportado una visi\u00f3n pr\u00e1ctica de c\u00f3mo la digitalizaci\u00f3n y la innovaci\u00f3n pueden contribuir a afrontar los retos actuales del ciclo del agua, como la eficiencia operativa o la adaptaci\u00f3n al cambio clim\u00e1tico. Sin duda, ha sido una oportunidad muy valiosa para aprender y conectar con otros agentes implicados en el sector.<\/p>\n<p>&nbsp;<\/p>\n","protected":false},"excerpt":{"rendered":"<p>Profesionales del sector comparten experiencias, soluciones tecnol\u00f3gicas y retos en un taller organizado por Aig\u00fces de Manresa en el Palau Firal de Manresa Ayer asistimos a una jornada t\u00e9cnica en el Palau Firal de Manresa, organizada por Aig\u00fces de Manresa, centrada en la transferencia de experiencias del proyecto \u201cSostenibilidad en el ciclo del agua\u201d. El [&hellip;]<\/p>\n","protected":false},"author":4,"featured_media":12392,"comment_status":"closed","ping_status":"closed","sticky":false,"template":"","format":"standard","meta":{"_et_pb_use_builder":"","_et_pb_old_content":"","_et_gb_content_width":"","footnotes":""},"categories":[3],"tags":[],"class_list":["post-12394","post","type-post","status-publish","format-standard","has-post-thumbnail","hentry","category-sin-categorizar"],"yoast_head":"<!-- This site is optimized with the Yoast SEO plugin v27.1.1 - https:\/\/yoast.com\/product\/yoast-seo-wordpress\/ -->\n<title>Asistimos a una jornada clave sobre innovaci\u00f3n y sostenibilidad en el ciclo del agua - Nostraigua<\/title>\n<meta name=\"robots\" content=\"index, follow, max-snippet:-1, max-image-preview:large, max-video-preview:-1\" \/>\n<link rel=\"canonical\" href=\"https:\/\/nostraigua.cat\/es\/asistimos-a-una-jornada-clave-sobre-innovacion-y-sostenibilidad-en-el-ciclo-del-agua\/\" \/>\n<meta property=\"og:locale\" content=\"es_ES\" \/>\n<meta property=\"og:type\" content=\"article\" \/>\n<meta property=\"og:title\" content=\"Asistimos a una jornada clave sobre innovaci\u00f3n y sostenibilidad en el ciclo del agua - Nostraigua\" \/>\n<meta property=\"og:description\" content=\"Profesionales del sector comparten experiencias, soluciones tecnol\u00f3gicas y retos en un taller organizado por Aig\u00fces de Manresa en el Palau Firal de Manresa Ayer asistimos a una jornada t\u00e9cnica en el Palau Firal de Manresa, organizada por Aig\u00fces de Manresa, centrada en la transferencia de experiencias del proyecto \u201cSostenibilidad en el ciclo del agua\u201d. El [&hellip;]\" \/>\n<meta property=\"og:url\" content=\"https:\/\/nostraigua.cat\/es\/asistimos-a-una-jornada-clave-sobre-innovacion-y-sostenibilidad-en-el-ciclo-del-agua\/\" \/>\n<meta property=\"og:site_name\" content=\"Nostraigua\" \/>\n<meta property=\"article:published_time\" content=\"2026-03-16T12:14:19+00:00\" \/>\n<meta property=\"og:image\" content=\"https:\/\/nostraigua.cat\/wp-content\/uploads\/2026\/03\/20260311_TALLER01-980x735-1.jpg\" \/>\n\t<meta property=\"og:image:width\" content=\"980\" \/>\n\t<meta property=\"og:image:height\" content=\"735\" \/>\n\t<meta property=\"og:image:type\" content=\"image\/jpeg\" \/>\n<meta name=\"author\" content=\"Sandra Mart\u00ednez\" \/>\n<meta name=\"twitter:card\" content=\"summary_large_image\" \/>\n<meta name=\"twitter:label1\" content=\"Escrito por\" \/>\n\t<meta name=\"twitter:data1\" content=\"Sandra Mart\u00ednez\" \/>\n\t<meta name=\"twitter:label2\" content=\"Tiempo de lectura\" \/>\n\t<meta name=\"twitter:data2\" content=\"3 minutos\" \/>\n<script type=\"application\/ld+json\" class=\"yoast-schema-graph\">{\"@context\":\"https:\/\/schema.org\",\"@graph\":[{\"@type\":\"Article\",\"@id\":\"https:\/\/nostraigua.cat\/es\/asistimos-a-una-jornada-clave-sobre-innovacion-y-sostenibilidad-en-el-ciclo-del-agua\/#article\",\"isPartOf\":{\"@id\":\"https:\/\/nostraigua.cat\/es\/asistimos-a-una-jornada-clave-sobre-innovacion-y-sostenibilidad-en-el-ciclo-del-agua\/\"},\"author\":{\"name\":\"Sandra Mart\u00ednez\",\"@id\":\"https:\/\/nostraigua.cat\/es\/#\/schema\/person\/5f8da8f888199e99d7280df61c46696b\"},\"headline\":\"Asistimos a una jornada clave sobre innovaci\u00f3n y sostenibilidad en el ciclo del agua\",\"datePublished\":\"2026-03-16T12:14:19+00:00\",\"mainEntityOfPage\":{\"@id\":\"https:\/\/nostraigua.cat\/es\/asistimos-a-una-jornada-clave-sobre-innovacion-y-sostenibilidad-en-el-ciclo-del-agua\/\"},\"wordCount\":414,\"image\":{\"@id\":\"https:\/\/nostraigua.cat\/es\/asistimos-a-una-jornada-clave-sobre-innovacion-y-sostenibilidad-en-el-ciclo-del-agua\/#primaryimage\"},\"thumbnailUrl\":\"https:\/\/nostraigua.cat\/wp-content\/uploads\/2026\/03\/20260311_TALLER01-980x735-1.jpg\",\"articleSection\":[\"Sin categorizar\"],\"inLanguage\":\"es\"},{\"@type\":\"WebPage\",\"@id\":\"https:\/\/nostraigua.cat\/es\/asistimos-a-una-jornada-clave-sobre-innovacion-y-sostenibilidad-en-el-ciclo-del-agua\/\",\"url\":\"https:\/\/nostraigua.cat\/es\/asistimos-a-una-jornada-clave-sobre-innovacion-y-sostenibilidad-en-el-ciclo-del-agua\/\",\"name\":\"Asistimos a una jornada clave sobre innovaci\u00f3n y sostenibilidad en el ciclo del agua - Nostraigua\",\"isPartOf\":{\"@id\":\"https:\/\/nostraigua.cat\/es\/#website\"},\"primaryImageOfPage\":{\"@id\":\"https:\/\/nostraigua.cat\/es\/asistimos-a-una-jornada-clave-sobre-innovacion-y-sostenibilidad-en-el-ciclo-del-agua\/#primaryimage\"},\"image\":{\"@id\":\"https:\/\/nostraigua.cat\/es\/asistimos-a-una-jornada-clave-sobre-innovacion-y-sostenibilidad-en-el-ciclo-del-agua\/#primaryimage\"},\"thumbnailUrl\":\"https:\/\/nostraigua.cat\/wp-content\/uploads\/2026\/03\/20260311_TALLER01-980x735-1.jpg\",\"datePublished\":\"2026-03-16T12:14:19+00:00\",\"author\":{\"@id\":\"https:\/\/nostraigua.cat\/es\/#\/schema\/person\/5f8da8f888199e99d7280df61c46696b\"},\"breadcrumb\":{\"@id\":\"https:\/\/nostraigua.cat\/es\/asistimos-a-una-jornada-clave-sobre-innovacion-y-sostenibilidad-en-el-ciclo-del-agua\/#breadcrumb\"},\"inLanguage\":\"es\",\"potentialAction\":[{\"@type\":\"ReadAction\",\"target\":[\"https:\/\/nostraigua.cat\/es\/asistimos-a-una-jornada-clave-sobre-innovacion-y-sostenibilidad-en-el-ciclo-del-agua\/\"]}]},{\"@type\":\"ImageObject\",\"inLanguage\":\"es\",\"@id\":\"https:\/\/nostraigua.cat\/es\/asistimos-a-una-jornada-clave-sobre-innovacion-y-sostenibilidad-en-el-ciclo-del-agua\/#primaryimage\",\"url\":\"https:\/\/nostraigua.cat\/wp-content\/uploads\/2026\/03\/20260311_TALLER01-980x735-1.jpg\",\"contentUrl\":\"https:\/\/nostraigua.cat\/wp-content\/uploads\/2026\/03\/20260311_TALLER01-980x735-1.jpg\",\"width\":980,\"height\":735},{\"@type\":\"BreadcrumbList\",\"@id\":\"https:\/\/nostraigua.cat\/es\/asistimos-a-una-jornada-clave-sobre-innovacion-y-sostenibilidad-en-el-ciclo-del-agua\/#breadcrumb\",\"itemListElement\":[{\"@type\":\"ListItem\",\"position\":1,\"name\":\"Portada\",\"item\":\"https:\/\/nostraigua.cat\/es\/\"},{\"@type\":\"ListItem\",\"position\":2,\"name\":\"Asistimos a una jornada clave sobre innovaci\u00f3n y sostenibilidad en el ciclo del agua\"}]},{\"@type\":\"WebSite\",\"@id\":\"https:\/\/nostraigua.cat\/es\/#website\",\"url\":\"https:\/\/nostraigua.cat\/es\/\",\"name\":\"Nostraigua\",\"description\":\"Nostraigua\",\"potentialAction\":[{\"@type\":\"SearchAction\",\"target\":{\"@type\":\"EntryPoint\",\"urlTemplate\":\"https:\/\/nostraigua.cat\/es\/?s={search_term_string}\"},\"query-input\":{\"@type\":\"PropertyValueSpecification\",\"valueRequired\":true,\"valueName\":\"search_term_string\"}}],\"inLanguage\":\"es\"},{\"@type\":\"Person\",\"@id\":\"https:\/\/nostraigua.cat\/es\/#\/schema\/person\/5f8da8f888199e99d7280df61c46696b\",\"name\":\"Sandra Mart\u00ednez\",\"image\":{\"@type\":\"ImageObject\",\"inLanguage\":\"es\",\"@id\":\"https:\/\/nostraigua.cat\/es\/#\/schema\/person\/image\/\",\"url\":\"https:\/\/secure.gravatar.com\/avatar\/9022974ff524f30a58d4dafe9b47985343ff045d55f476573cb019639148e912?s=96&r=g\",\"contentUrl\":\"https:\/\/secure.gravatar.com\/avatar\/9022974ff524f30a58d4dafe9b47985343ff045d55f476573cb019639148e912?s=96&r=g\",\"caption\":\"Sandra Mart\u00ednez\"}}]}<\/script>\n<!-- \/ Yoast SEO plugin. -->","yoast_head_json":{"title":"Asistimos a una jornada clave sobre innovaci\u00f3n y sostenibilidad en el ciclo del agua - Nostraigua","robots":{"index":"index","follow":"follow","max-snippet":"max-snippet:-1","max-image-preview":"max-image-preview:large","max-video-preview":"max-video-preview:-1"},"canonical":"https:\/\/nostraigua.cat\/es\/asistimos-a-una-jornada-clave-sobre-innovacion-y-sostenibilidad-en-el-ciclo-del-agua\/","og_locale":"es_ES","og_type":"article","og_title":"Asistimos a una jornada clave sobre innovaci\u00f3n y sostenibilidad en el ciclo del agua - Nostraigua","og_description":"Profesionales del sector comparten experiencias, soluciones tecnol\u00f3gicas y retos en un taller organizado por Aig\u00fces de Manresa en el Palau Firal de Manresa Ayer asistimos a una jornada t\u00e9cnica en el Palau Firal de Manresa, organizada por Aig\u00fces de Manresa, centrada en la transferencia de experiencias del proyecto \u201cSostenibilidad en el ciclo del agua\u201d. El [&hellip;]","og_url":"https:\/\/nostraigua.cat\/es\/asistimos-a-una-jornada-clave-sobre-innovacion-y-sostenibilidad-en-el-ciclo-del-agua\/","og_site_name":"Nostraigua","article_published_time":"2026-03-16T12:14:19+00:00","og_image":[{"width":980,"height":735,"url":"https:\/\/nostraigua.cat\/wp-content\/uploads\/2026\/03\/20260311_TALLER01-980x735-1.jpg","type":"image\/jpeg"}],"author":"Sandra Mart\u00ednez","twitter_card":"summary_large_image","twitter_misc":{"Escrito por":"Sandra Mart\u00ednez","Tiempo de lectura":"3 minutos"},"schema":{"@context":"https:\/\/schema.org","@graph":[{"@type":"Article","@id":"https:\/\/nostraigua.cat\/es\/asistimos-a-una-jornada-clave-sobre-innovacion-y-sostenibilidad-en-el-ciclo-del-agua\/#article","isPartOf":{"@id":"https:\/\/nostraigua.cat\/es\/asistimos-a-una-jornada-clave-sobre-innovacion-y-sostenibilidad-en-el-ciclo-del-agua\/"},"author":{"name":"Sandra Mart\u00ednez","@id":"https:\/\/nostraigua.cat\/es\/#\/schema\/person\/5f8da8f888199e99d7280df61c46696b"},"headline":"Asistimos a una jornada clave sobre innovaci\u00f3n y sostenibilidad en el ciclo del agua","datePublished":"2026-03-16T12:14:19+00:00","mainEntityOfPage":{"@id":"https:\/\/nostraigua.cat\/es\/asistimos-a-una-jornada-clave-sobre-innovacion-y-sostenibilidad-en-el-ciclo-del-agua\/"},"wordCount":414,"image":{"@id":"https:\/\/nostraigua.cat\/es\/asistimos-a-una-jornada-clave-sobre-innovacion-y-sostenibilidad-en-el-ciclo-del-agua\/#primaryimage"},"thumbnailUrl":"https:\/\/nostraigua.cat\/wp-content\/uploads\/2026\/03\/20260311_TALLER01-980x735-1.jpg","articleSection":["Sin categorizar"],"inLanguage":"es"},{"@type":"WebPage","@id":"https:\/\/nostraigua.cat\/es\/asistimos-a-una-jornada-clave-sobre-innovacion-y-sostenibilidad-en-el-ciclo-del-agua\/","url":"https:\/\/nostraigua.cat\/es\/asistimos-a-una-jornada-clave-sobre-innovacion-y-sostenibilidad-en-el-ciclo-del-agua\/","name":"Asistimos a una jornada clave sobre innovaci\u00f3n y sostenibilidad en el ciclo del agua - Nostraigua","isPartOf":{"@id":"https:\/\/nostraigua.cat\/es\/#website"},"primaryImageOfPage":{"@id":"https:\/\/nostraigua.cat\/es\/asistimos-a-una-jornada-clave-sobre-innovacion-y-sostenibilidad-en-el-ciclo-del-agua\/#primaryimage"},"image":{"@id":"https:\/\/nostraigua.cat\/es\/asistimos-a-una-jornada-clave-sobre-innovacion-y-sostenibilidad-en-el-ciclo-del-agua\/#primaryimage"},"thumbnailUrl":"https:\/\/nostraigua.cat\/wp-content\/uploads\/2026\/03\/20260311_TALLER01-980x735-1.jpg","datePublished":"2026-03-16T12:14:19+00:00","author":{"@id":"https:\/\/nostraigua.cat\/es\/#\/schema\/person\/5f8da8f888199e99d7280df61c46696b"},"breadcrumb":{"@id":"https:\/\/nostraigua.cat\/es\/asistimos-a-una-jornada-clave-sobre-innovacion-y-sostenibilidad-en-el-ciclo-del-agua\/#breadcrumb"},"inLanguage":"es","potentialAction":[{"@type":"ReadAction","target":["https:\/\/nostraigua.cat\/es\/asistimos-a-una-jornada-clave-sobre-innovacion-y-sostenibilidad-en-el-ciclo-del-agua\/"]}]},{"@type":"ImageObject","inLanguage":"es","@id":"https:\/\/nostraigua.cat\/es\/asistimos-a-una-jornada-clave-sobre-innovacion-y-sostenibilidad-en-el-ciclo-del-agua\/#primaryimage","url":"https:\/\/nostraigua.cat\/wp-content\/uploads\/2026\/03\/20260311_TALLER01-980x735-1.jpg","contentUrl":"https:\/\/nostraigua.cat\/wp-content\/uploads\/2026\/03\/20260311_TALLER01-980x735-1.jpg","width":980,"height":735},{"@type":"BreadcrumbList","@id":"https:\/\/nostraigua.cat\/es\/asistimos-a-una-jornada-clave-sobre-innovacion-y-sostenibilidad-en-el-ciclo-del-agua\/#breadcrumb","itemListElement":[{"@type":"ListItem","position":1,"name":"Portada","item":"https:\/\/nostraigua.cat\/es\/"},{"@type":"ListItem","position":2,"name":"Asistimos a una jornada clave sobre innovaci\u00f3n y sostenibilidad en el ciclo del agua"}]},{"@type":"WebSite","@id":"https:\/\/nostraigua.cat\/es\/#website","url":"https:\/\/nostraigua.cat\/es\/","name":"Nostraigua","description":"Nostraigua","potentialAction":[{"@type":"SearchAction","target":{"@type":"EntryPoint","urlTemplate":"https:\/\/nostraigua.cat\/es\/?s={search_term_string}"},"query-input":{"@type":"PropertyValueSpecification","valueRequired":true,"valueName":"search_term_string"}}],"inLanguage":"es"},{"@type":"Person","@id":"https:\/\/nostraigua.cat\/es\/#\/schema\/person\/5f8da8f888199e99d7280df61c46696b","name":"Sandra Mart\u00ednez","image":{"@type":"ImageObject","inLanguage":"es","@id":"https:\/\/nostraigua.cat\/es\/#\/schema\/person\/image\/","url":"https:\/\/secure.gravatar.com\/avatar\/9022974ff524f30a58d4dafe9b47985343ff045d55f476573cb019639148e912?s=96&r=g","contentUrl":"https:\/\/secure.gravatar.com\/avatar\/9022974ff524f30a58d4dafe9b47985343ff045d55f476573cb019639148e912?s=96&r=g","caption":"Sandra Mart\u00ednez"}}]}},"publishpress_future_action":{"enabled":false,"date":"2026-05-01 21:00:07","action":"change-status","newStatus":"draft","terms":[],"taxonomy":"category","extraData":[]},"publishpress_future_workflow_manual_trigger":{"enabledWorkflows":[]},"_links":{"self":[{"href":"https:\/\/nostraigua.cat\/es\/wp-json\/wp\/v2\/posts\/12394","targetHints":{"allow":["GET"]}}],"collection":[{"href":"https:\/\/nostraigua.cat\/es\/wp-json\/wp\/v2\/posts"}],"about":[{"href":"https:\/\/nostraigua.cat\/es\/wp-json\/wp\/v2\/types\/post"}],"author":[{"embeddable":true,"href":"https:\/\/nostraigua.cat\/es\/wp-json\/wp\/v2\/users\/4"}],"replies":[{"embeddable":true,"href":"https:\/\/nostraigua.cat\/es\/wp-json\/wp\/v2\/comments?post=12394"}],"version-history":[{"count":1,"href":"https:\/\/nostraigua.cat\/es\/wp-json\/wp\/v2\/posts\/12394\/revisions"}],"predecessor-version":[{"id":12395,"href":"https:\/\/nostraigua.cat\/es\/wp-json\/wp\/v2\/posts\/12394\/revisions\/12395"}],"wp:featuredmedia":[{"embeddable":true,"href":"https:\/\/nostraigua.cat\/es\/wp-json\/wp\/v2\/media\/12392"}],"wp:attachment":[{"href":"https:\/\/nostraigua.cat\/es\/wp-json\/wp\/v2\/media?parent=12394"}],"wp:term":[{"taxonomy":"category","embeddable":true,"href":"https:\/\/nostraigua.cat\/es\/wp-json\/wp\/v2\/categories?post=12394"},{"taxonomy":"post_tag","embeddable":true,"href":"https:\/\/nostraigua.cat\/es\/wp-json\/wp\/v2\/tags?post=12394"}],"curies":[{"name":"wp","href":"https:\/\/api.w.org\/{rel}","templated":true}]}}