{"id":11313,"date":"2025-09-19T12:11:13","date_gmt":"2025-09-19T10:11:13","guid":{"rendered":"https:\/\/nostraigua.cat\/?p=11313"},"modified":"2025-09-19T12:11:13","modified_gmt":"2025-09-19T10:11:13","slug":"nostraigua-se-adhiere-a-la-amap-para-reforzar-la-gestion-publica-del-agua","status":"publish","type":"post","link":"https:\/\/nostraigua.cat\/es\/nostraigua-se-adhiere-a-la-amap-para-reforzar-la-gestion-publica-del-agua\/","title":{"rendered":"Nostraigua se adhiere a la AMAP para reforzar la gesti\u00f3n p\u00fablica del agua"},"content":{"rendered":"<p>Desde Nostraigua nos hemos adherido a la <strong>Asociaci\u00f3n de Municipios y Entidades por el Agua P\u00fablica (AMAP)<\/strong>. Esta incorporaci\u00f3n nos ha permitido dar un paso adelante para fortalecer nuestra propia red de grupos de inter\u00e9s con el objetivo de establecer v\u00ednculos con otros operadores p\u00fablicos e instituciones para generar nuevas oportunidades de colaboraci\u00f3n, aprendizaje e incidencia<\/p>\n<p>La finalidad de la AMAP es difundir y promover la gesti\u00f3n p\u00fablica del agua y el alcantarillado, as\u00ed como apoyar a los municipios y operadores que apostamos por este modelo de gesti\u00f3n directa del servicio. Entre sus objetivos se encuentran impulsar acciones de difusi\u00f3n e incidencia, dar apoyo t\u00e9cnico y jur\u00eddico a los miembros y promover pol\u00edticas p\u00fablicas que garanticen una gesti\u00f3n transparente, sostenible y de calidad.<\/p>\n<p>Con esta adhesi\u00f3n, nos convertimos en la primera entidad del Baix Camp en formar parte de la asociaci\u00f3n, que ya suma 88 miembros entre municipios y operadores p\u00fablicos. Cabe destacar que en el Baix Camp el 69% de la poblaci\u00f3n ya recibe el agua a trav\u00e9s de operadores p\u00fablicos, y que esta gesti\u00f3n directa se da en 18 de los 28 municipios de la comarca<\/p>\n<p>Unirnos a la AMAP nos aporta soporte t\u00e9cnico e institucional, acceso a espacios de formaci\u00f3n, intercambio de experiencias y representaci\u00f3n colectiva frente a otras administraciones.<\/p>\n<p>Con la incorporaci\u00f3n a la AMAP, reafirmamos nuestro compromiso con una gesti\u00f3n p\u00fablica, directa y eficiente de un recurso esencial, que queremos seguir administrando con transparencia y responsabilidad.<\/p>\n","protected":false},"excerpt":{"rendered":"<p>Desde Nostraigua nos hemos adherido a la Asociaci\u00f3n de Municipios y Entidades por el Agua P\u00fablica (AMAP). Esta incorporaci\u00f3n nos ha permitido dar un paso adelante para fortalecer nuestra propia red de grupos de inter\u00e9s con el objetivo de establecer v\u00ednculos con otros operadores p\u00fablicos e instituciones para generar nuevas oportunidades de colaboraci\u00f3n, aprendizaje e [&hellip;]<\/p>\n","protected":false},"author":4,"featured_media":11312,"comment_status":"closed","ping_status":"closed","sticky":false,"template":"","format":"standard","meta":{"_et_pb_use_builder":"","_et_pb_old_content":"","_et_gb_content_width":"","footnotes":""},"categories":[3],"tags":[],"class_list":["post-11313","post","type-post","status-publish","format-standard","has-post-thumbnail","hentry","category-sin-categorizar"],"yoast_head":"<!-- This site is optimized with the Yoast SEO plugin v27.1.1 - https:\/\/yoast.com\/product\/yoast-seo-wordpress\/ -->\n<title>Nostraigua se adhiere a la AMAP para reforzar la gesti\u00f3n p\u00fablica del agua - Nostraigua<\/title>\n<meta name=\"robots\" content=\"index, follow, max-snippet:-1, max-image-preview:large, max-video-preview:-1\" \/>\n<link rel=\"canonical\" href=\"https:\/\/nostraigua.cat\/es\/nostraigua-se-adhiere-a-la-amap-para-reforzar-la-gestion-publica-del-agua\/\" \/>\n<meta property=\"og:locale\" content=\"es_ES\" \/>\n<meta property=\"og:type\" content=\"article\" \/>\n<meta property=\"og:title\" content=\"Nostraigua se adhiere a la AMAP para reforzar la gesti\u00f3n p\u00fablica del agua - Nostraigua\" \/>\n<meta property=\"og:description\" content=\"Desde Nostraigua nos hemos adherido a la Asociaci\u00f3n de Municipios y Entidades por el Agua P\u00fablica (AMAP). Esta incorporaci\u00f3n nos ha permitido dar un paso adelante para fortalecer nuestra propia red de grupos de inter\u00e9s con el objetivo de establecer v\u00ednculos con otros operadores p\u00fablicos e instituciones para generar nuevas oportunidades de colaboraci\u00f3n, aprendizaje e [&hellip;]\" \/>\n<meta property=\"og:url\" content=\"https:\/\/nostraigua.cat\/es\/nostraigua-se-adhiere-a-la-amap-para-reforzar-la-gestion-publica-del-agua\/\" \/>\n<meta property=\"og:site_name\" content=\"Nostraigua\" \/>\n<meta property=\"article:published_time\" content=\"2025-09-19T10:11:13+00:00\" \/>\n<meta property=\"og:image\" content=\"https:\/\/nostraigua.cat\/wp-content\/uploads\/2025\/09\/amap.png\" \/>\n\t<meta property=\"og:image:width\" content=\"256\" \/>\n\t<meta property=\"og:image:height\" content=\"192\" \/>\n\t<meta property=\"og:image:type\" content=\"image\/png\" \/>\n<meta name=\"author\" content=\"Sandra Mart\u00ednez\" \/>\n<meta name=\"twitter:card\" content=\"summary_large_image\" \/>\n<meta name=\"twitter:label1\" content=\"Escrito por\" \/>\n\t<meta name=\"twitter:data1\" content=\"Sandra Mart\u00ednez\" \/>\n\t<meta name=\"twitter:label2\" content=\"Tiempo de lectura\" \/>\n\t<meta name=\"twitter:data2\" content=\"2 minutos\" \/>\n<script type=\"application\/ld+json\" class=\"yoast-schema-graph\">{\"@context\":\"https:\/\/schema.org\",\"@graph\":[{\"@type\":\"Article\",\"@id\":\"https:\/\/nostraigua.cat\/es\/nostraigua-se-adhiere-a-la-amap-para-reforzar-la-gestion-publica-del-agua\/#article\",\"isPartOf\":{\"@id\":\"https:\/\/nostraigua.cat\/es\/nostraigua-se-adhiere-a-la-amap-para-reforzar-la-gestion-publica-del-agua\/\"},\"author\":{\"name\":\"Sandra Mart\u00ednez\",\"@id\":\"https:\/\/nostraigua.cat\/es\/#\/schema\/person\/5f8da8f888199e99d7280df61c46696b\"},\"headline\":\"Nostraigua se adhiere a la AMAP para reforzar la gesti\u00f3n p\u00fablica del agua\",\"datePublished\":\"2025-09-19T10:11:13+00:00\",\"mainEntityOfPage\":{\"@id\":\"https:\/\/nostraigua.cat\/es\/nostraigua-se-adhiere-a-la-amap-para-reforzar-la-gestion-publica-del-agua\/\"},\"wordCount\":281,\"image\":{\"@id\":\"https:\/\/nostraigua.cat\/es\/nostraigua-se-adhiere-a-la-amap-para-reforzar-la-gestion-publica-del-agua\/#primaryimage\"},\"thumbnailUrl\":\"https:\/\/nostraigua.cat\/wp-content\/uploads\/2025\/09\/amap.png\",\"articleSection\":[\"Sin categorizar\"],\"inLanguage\":\"es\"},{\"@type\":\"WebPage\",\"@id\":\"https:\/\/nostraigua.cat\/es\/nostraigua-se-adhiere-a-la-amap-para-reforzar-la-gestion-publica-del-agua\/\",\"url\":\"https:\/\/nostraigua.cat\/es\/nostraigua-se-adhiere-a-la-amap-para-reforzar-la-gestion-publica-del-agua\/\",\"name\":\"Nostraigua se adhiere a la AMAP para reforzar la gesti\u00f3n p\u00fablica del agua - Nostraigua\",\"isPartOf\":{\"@id\":\"https:\/\/nostraigua.cat\/es\/#website\"},\"primaryImageOfPage\":{\"@id\":\"https:\/\/nostraigua.cat\/es\/nostraigua-se-adhiere-a-la-amap-para-reforzar-la-gestion-publica-del-agua\/#primaryimage\"},\"image\":{\"@id\":\"https:\/\/nostraigua.cat\/es\/nostraigua-se-adhiere-a-la-amap-para-reforzar-la-gestion-publica-del-agua\/#primaryimage\"},\"thumbnailUrl\":\"https:\/\/nostraigua.cat\/wp-content\/uploads\/2025\/09\/amap.png\",\"datePublished\":\"2025-09-19T10:11:13+00:00\",\"author\":{\"@id\":\"https:\/\/nostraigua.cat\/es\/#\/schema\/person\/5f8da8f888199e99d7280df61c46696b\"},\"breadcrumb\":{\"@id\":\"https:\/\/nostraigua.cat\/es\/nostraigua-se-adhiere-a-la-amap-para-reforzar-la-gestion-publica-del-agua\/#breadcrumb\"},\"inLanguage\":\"es\",\"potentialAction\":[{\"@type\":\"ReadAction\",\"target\":[\"https:\/\/nostraigua.cat\/es\/nostraigua-se-adhiere-a-la-amap-para-reforzar-la-gestion-publica-del-agua\/\"]}]},{\"@type\":\"ImageObject\",\"inLanguage\":\"es\",\"@id\":\"https:\/\/nostraigua.cat\/es\/nostraigua-se-adhiere-a-la-amap-para-reforzar-la-gestion-publica-del-agua\/#primaryimage\",\"url\":\"https:\/\/nostraigua.cat\/wp-content\/uploads\/2025\/09\/amap.png\",\"contentUrl\":\"https:\/\/nostraigua.cat\/wp-content\/uploads\/2025\/09\/amap.png\",\"width\":256,\"height\":192},{\"@type\":\"BreadcrumbList\",\"@id\":\"https:\/\/nostraigua.cat\/es\/nostraigua-se-adhiere-a-la-amap-para-reforzar-la-gestion-publica-del-agua\/#breadcrumb\",\"itemListElement\":[{\"@type\":\"ListItem\",\"position\":1,\"name\":\"Portada\",\"item\":\"https:\/\/nostraigua.cat\/es\/\"},{\"@type\":\"ListItem\",\"position\":2,\"name\":\"Nostraigua se adhiere a la AMAP para reforzar la gesti\u00f3n p\u00fablica del agua\"}]},{\"@type\":\"WebSite\",\"@id\":\"https:\/\/nostraigua.cat\/es\/#website\",\"url\":\"https:\/\/nostraigua.cat\/es\/\",\"name\":\"Nostraigua\",\"description\":\"Nostraigua\",\"potentialAction\":[{\"@type\":\"SearchAction\",\"target\":{\"@type\":\"EntryPoint\",\"urlTemplate\":\"https:\/\/nostraigua.cat\/es\/?s={search_term_string}\"},\"query-input\":{\"@type\":\"PropertyValueSpecification\",\"valueRequired\":true,\"valueName\":\"search_term_string\"}}],\"inLanguage\":\"es\"},{\"@type\":\"Person\",\"@id\":\"https:\/\/nostraigua.cat\/es\/#\/schema\/person\/5f8da8f888199e99d7280df61c46696b\",\"name\":\"Sandra Mart\u00ednez\",\"image\":{\"@type\":\"ImageObject\",\"inLanguage\":\"es\",\"@id\":\"https:\/\/nostraigua.cat\/es\/#\/schema\/person\/image\/\",\"url\":\"https:\/\/secure.gravatar.com\/avatar\/9022974ff524f30a58d4dafe9b47985343ff045d55f476573cb019639148e912?s=96&r=g\",\"contentUrl\":\"https:\/\/secure.gravatar.com\/avatar\/9022974ff524f30a58d4dafe9b47985343ff045d55f476573cb019639148e912?s=96&r=g\",\"caption\":\"Sandra Mart\u00ednez\"}}]}<\/script>\n<!-- \/ Yoast SEO plugin. -->","yoast_head_json":{"title":"Nostraigua se adhiere a la AMAP para reforzar la gesti\u00f3n p\u00fablica del agua - Nostraigua","robots":{"index":"index","follow":"follow","max-snippet":"max-snippet:-1","max-image-preview":"max-image-preview:large","max-video-preview":"max-video-preview:-1"},"canonical":"https:\/\/nostraigua.cat\/es\/nostraigua-se-adhiere-a-la-amap-para-reforzar-la-gestion-publica-del-agua\/","og_locale":"es_ES","og_type":"article","og_title":"Nostraigua se adhiere a la AMAP para reforzar la gesti\u00f3n p\u00fablica del agua - Nostraigua","og_description":"Desde Nostraigua nos hemos adherido a la Asociaci\u00f3n de Municipios y Entidades por el Agua P\u00fablica (AMAP). Esta incorporaci\u00f3n nos ha permitido dar un paso adelante para fortalecer nuestra propia red de grupos de inter\u00e9s con el objetivo de establecer v\u00ednculos con otros operadores p\u00fablicos e instituciones para generar nuevas oportunidades de colaboraci\u00f3n, aprendizaje e [&hellip;]","og_url":"https:\/\/nostraigua.cat\/es\/nostraigua-se-adhiere-a-la-amap-para-reforzar-la-gestion-publica-del-agua\/","og_site_name":"Nostraigua","article_published_time":"2025-09-19T10:11:13+00:00","og_image":[{"width":256,"height":192,"url":"https:\/\/nostraigua.cat\/wp-content\/uploads\/2025\/09\/amap.png","type":"image\/png"}],"author":"Sandra Mart\u00ednez","twitter_card":"summary_large_image","twitter_misc":{"Escrito por":"Sandra Mart\u00ednez","Tiempo de lectura":"2 minutos"},"schema":{"@context":"https:\/\/schema.org","@graph":[{"@type":"Article","@id":"https:\/\/nostraigua.cat\/es\/nostraigua-se-adhiere-a-la-amap-para-reforzar-la-gestion-publica-del-agua\/#article","isPartOf":{"@id":"https:\/\/nostraigua.cat\/es\/nostraigua-se-adhiere-a-la-amap-para-reforzar-la-gestion-publica-del-agua\/"},"author":{"name":"Sandra Mart\u00ednez","@id":"https:\/\/nostraigua.cat\/es\/#\/schema\/person\/5f8da8f888199e99d7280df61c46696b"},"headline":"Nostraigua se adhiere a la AMAP para reforzar la gesti\u00f3n p\u00fablica del agua","datePublished":"2025-09-19T10:11:13+00:00","mainEntityOfPage":{"@id":"https:\/\/nostraigua.cat\/es\/nostraigua-se-adhiere-a-la-amap-para-reforzar-la-gestion-publica-del-agua\/"},"wordCount":281,"image":{"@id":"https:\/\/nostraigua.cat\/es\/nostraigua-se-adhiere-a-la-amap-para-reforzar-la-gestion-publica-del-agua\/#primaryimage"},"thumbnailUrl":"https:\/\/nostraigua.cat\/wp-content\/uploads\/2025\/09\/amap.png","articleSection":["Sin categorizar"],"inLanguage":"es"},{"@type":"WebPage","@id":"https:\/\/nostraigua.cat\/es\/nostraigua-se-adhiere-a-la-amap-para-reforzar-la-gestion-publica-del-agua\/","url":"https:\/\/nostraigua.cat\/es\/nostraigua-se-adhiere-a-la-amap-para-reforzar-la-gestion-publica-del-agua\/","name":"Nostraigua se adhiere a la AMAP para reforzar la gesti\u00f3n p\u00fablica del agua - Nostraigua","isPartOf":{"@id":"https:\/\/nostraigua.cat\/es\/#website"},"primaryImageOfPage":{"@id":"https:\/\/nostraigua.cat\/es\/nostraigua-se-adhiere-a-la-amap-para-reforzar-la-gestion-publica-del-agua\/#primaryimage"},"image":{"@id":"https:\/\/nostraigua.cat\/es\/nostraigua-se-adhiere-a-la-amap-para-reforzar-la-gestion-publica-del-agua\/#primaryimage"},"thumbnailUrl":"https:\/\/nostraigua.cat\/wp-content\/uploads\/2025\/09\/amap.png","datePublished":"2025-09-19T10:11:13+00:00","author":{"@id":"https:\/\/nostraigua.cat\/es\/#\/schema\/person\/5f8da8f888199e99d7280df61c46696b"},"breadcrumb":{"@id":"https:\/\/nostraigua.cat\/es\/nostraigua-se-adhiere-a-la-amap-para-reforzar-la-gestion-publica-del-agua\/#breadcrumb"},"inLanguage":"es","potentialAction":[{"@type":"ReadAction","target":["https:\/\/nostraigua.cat\/es\/nostraigua-se-adhiere-a-la-amap-para-reforzar-la-gestion-publica-del-agua\/"]}]},{"@type":"ImageObject","inLanguage":"es","@id":"https:\/\/nostraigua.cat\/es\/nostraigua-se-adhiere-a-la-amap-para-reforzar-la-gestion-publica-del-agua\/#primaryimage","url":"https:\/\/nostraigua.cat\/wp-content\/uploads\/2025\/09\/amap.png","contentUrl":"https:\/\/nostraigua.cat\/wp-content\/uploads\/2025\/09\/amap.png","width":256,"height":192},{"@type":"BreadcrumbList","@id":"https:\/\/nostraigua.cat\/es\/nostraigua-se-adhiere-a-la-amap-para-reforzar-la-gestion-publica-del-agua\/#breadcrumb","itemListElement":[{"@type":"ListItem","position":1,"name":"Portada","item":"https:\/\/nostraigua.cat\/es\/"},{"@type":"ListItem","position":2,"name":"Nostraigua se adhiere a la AMAP para reforzar la gesti\u00f3n p\u00fablica del agua"}]},{"@type":"WebSite","@id":"https:\/\/nostraigua.cat\/es\/#website","url":"https:\/\/nostraigua.cat\/es\/","name":"Nostraigua","description":"Nostraigua","potentialAction":[{"@type":"SearchAction","target":{"@type":"EntryPoint","urlTemplate":"https:\/\/nostraigua.cat\/es\/?s={search_term_string}"},"query-input":{"@type":"PropertyValueSpecification","valueRequired":true,"valueName":"search_term_string"}}],"inLanguage":"es"},{"@type":"Person","@id":"https:\/\/nostraigua.cat\/es\/#\/schema\/person\/5f8da8f888199e99d7280df61c46696b","name":"Sandra Mart\u00ednez","image":{"@type":"ImageObject","inLanguage":"es","@id":"https:\/\/nostraigua.cat\/es\/#\/schema\/person\/image\/","url":"https:\/\/secure.gravatar.com\/avatar\/9022974ff524f30a58d4dafe9b47985343ff045d55f476573cb019639148e912?s=96&r=g","contentUrl":"https:\/\/secure.gravatar.com\/avatar\/9022974ff524f30a58d4dafe9b47985343ff045d55f476573cb019639148e912?s=96&r=g","caption":"Sandra Mart\u00ednez"}}]}},"publishpress_future_action":{"enabled":false,"date":"2026-04-30 10:00:36","action":"change-status","newStatus":"draft","terms":[],"taxonomy":"category","extraData":[]},"publishpress_future_workflow_manual_trigger":{"enabledWorkflows":[]},"_links":{"self":[{"href":"https:\/\/nostraigua.cat\/es\/wp-json\/wp\/v2\/posts\/11313","targetHints":{"allow":["GET"]}}],"collection":[{"href":"https:\/\/nostraigua.cat\/es\/wp-json\/wp\/v2\/posts"}],"about":[{"href":"https:\/\/nostraigua.cat\/es\/wp-json\/wp\/v2\/types\/post"}],"author":[{"embeddable":true,"href":"https:\/\/nostraigua.cat\/es\/wp-json\/wp\/v2\/users\/4"}],"replies":[{"embeddable":true,"href":"https:\/\/nostraigua.cat\/es\/wp-json\/wp\/v2\/comments?post=11313"}],"version-history":[{"count":1,"href":"https:\/\/nostraigua.cat\/es\/wp-json\/wp\/v2\/posts\/11313\/revisions"}],"predecessor-version":[{"id":11314,"href":"https:\/\/nostraigua.cat\/es\/wp-json\/wp\/v2\/posts\/11313\/revisions\/11314"}],"wp:featuredmedia":[{"embeddable":true,"href":"https:\/\/nostraigua.cat\/es\/wp-json\/wp\/v2\/media\/11312"}],"wp:attachment":[{"href":"https:\/\/nostraigua.cat\/es\/wp-json\/wp\/v2\/media?parent=11313"}],"wp:term":[{"taxonomy":"category","embeddable":true,"href":"https:\/\/nostraigua.cat\/es\/wp-json\/wp\/v2\/categories?post=11313"},{"taxonomy":"post_tag","embeddable":true,"href":"https:\/\/nostraigua.cat\/es\/wp-json\/wp\/v2\/tags?post=11313"}],"curies":[{"name":"wp","href":"https:\/\/api.w.org\/{rel}","templated":true}]}}