{"id":10853,"date":"2025-07-17T08:26:20","date_gmt":"2025-07-17T06:26:20","guid":{"rendered":"https:\/\/nostraigua.cat\/?p=10853"},"modified":"2025-07-18T08:34:03","modified_gmt":"2025-07-18T06:34:03","slug":"participamos-en-la-jornada-sobre-digitalizacion-y-sostenibilidad-en-la-gestion-del-agua","status":"publish","type":"post","link":"https:\/\/nostraigua.cat\/es\/participamos-en-la-jornada-sobre-digitalizacion-y-sostenibilidad-en-la-gestion-del-agua\/","title":{"rendered":"Participamos en la jornada sobre digitalizaci\u00f3n y sostenibilidad en la gesti\u00f3n del agua"},"content":{"rendered":"<p id=\"tw-target-text\" class=\"tw-data-text tw-text-large tw-ta\" dir=\"ltr\" data-placeholder=\"Traducci\u00f3n\" data-ved=\"2ahUKEwjVlrPI4sWOAxWZWkEAHbJKGu4Q3ewLegQICRAV\" aria-label=\"Texto traducido: Participamos en la jornada sobre digitalizaci\u00f3n y sostenibilidad en la gesti\u00f3n del agua El pasado 14 de julio asistimos a la jornada &quot;Digitalizaci\u00f3n y sostenibilidad en la gesti\u00f3n local del agua&quot;, organizada por Aig\u00fces de Manresa con el apoyo de la Diputaci\u00f3n de Barcelona. El encuentro se celebr\u00f3 en el Palacio Ferial de Manresa y reuni\u00f3 a una cincuentena de representantes municipales y operadores del sector para compartir experiencias y soluciones tecnol\u00f3gicas aplicadas a la gesti\u00f3n inteligente del ciclo del agua, especialmente pensadas para municipios peque\u00f1os o con recursos limitados. Durante la jornada, se presentaron los resultados del proyecto de digitalizaci\u00f3n impulsado por Aig\u00fces de Manresa en el marco de los fondos Next Generation - PERTE, que ha demostrado una mejora clara en la eficiencia h\u00eddrica y la reducci\u00f3n de p\u00e9rdidas. Tambi\u00e9n se destac\u00f3 el soporte t\u00e9cnico que ofrece la Diputaci\u00f3n de Barcelona a trav\u00e9s del programa DIBAIGUA, pensado para acompa\u00f1ar a los municipios en esta transformaci\u00f3n. La sesi\u00f3n puso en valor c\u00f3mo la digitalizaci\u00f3n puede convertirse en una herramienta clave para avanzar hacia una gesti\u00f3n m\u00e1s eficiente, sostenible y resiliente ante los retos del cambio clim\u00e1tico. Desde Nostraigua valoramos muy positivamente haber podido participar en este espacio de aprendizaje e intercambio, reafirmando nuestro compromiso con una gesti\u00f3n del agua m\u00e1s eficiente, m\u00e1s digital y m\u00e1s sostenible.\"><span class=\"Y2IQFc\" lang=\"es\"> El pasado 14 de julio asistimos a la jornada \u00abDigitalizaci\u00f3n y sostenibilidad en la gesti\u00f3n local del agua\u00bb, organizada por <strong>Aig\u00fces de Manresa<\/strong> con el apoyo de la <strong>Diputaci\u00f3n de Barcelona<\/strong>.<img loading=\"lazy\" decoding=\"async\" class=\"size-medium wp-image-10849 alignright\" src=\"https:\/\/nostraigua.cat\/wp-content\/uploads\/2025\/07\/digitalitz-jornada-manresa-300x225.jpg\" alt=\"\" width=\"300\" height=\"225\" \/> <\/span><\/p>\n<p class=\"tw-data-text tw-text-large tw-ta\" dir=\"ltr\" data-placeholder=\"Traducci\u00f3n\" data-ved=\"2ahUKEwjVlrPI4sWOAxWZWkEAHbJKGu4Q3ewLegQICRAV\" aria-label=\"Texto traducido: Participamos en la jornada sobre digitalizaci\u00f3n y sostenibilidad en la gesti\u00f3n del agua El pasado 14 de julio asistimos a la jornada &quot;Digitalizaci\u00f3n y sostenibilidad en la gesti\u00f3n local del agua&quot;, organizada por Aig\u00fces de Manresa con el apoyo de la Diputaci\u00f3n de Barcelona. El encuentro se celebr\u00f3 en el Palacio Ferial de Manresa y reuni\u00f3 a una cincuentena de representantes municipales y operadores del sector para compartir experiencias y soluciones tecnol\u00f3gicas aplicadas a la gesti\u00f3n inteligente del ciclo del agua, especialmente pensadas para municipios peque\u00f1os o con recursos limitados. Durante la jornada, se presentaron los resultados del proyecto de digitalizaci\u00f3n impulsado por Aig\u00fces de Manresa en el marco de los fondos Next Generation - PERTE, que ha demostrado una mejora clara en la eficiencia h\u00eddrica y la reducci\u00f3n de p\u00e9rdidas. Tambi\u00e9n se destac\u00f3 el soporte t\u00e9cnico que ofrece la Diputaci\u00f3n de Barcelona a trav\u00e9s del programa DIBAIGUA, pensado para acompa\u00f1ar a los municipios en esta transformaci\u00f3n. La sesi\u00f3n puso en valor c\u00f3mo la digitalizaci\u00f3n puede convertirse en una herramienta clave para avanzar hacia una gesti\u00f3n m\u00e1s eficiente, sostenible y resiliente ante los retos del cambio clim\u00e1tico. Desde Nostraigua valoramos muy positivamente haber podido participar en este espacio de aprendizaje e intercambio, reafirmando nuestro compromiso con una gesti\u00f3n del agua m\u00e1s eficiente, m\u00e1s digital y m\u00e1s sostenible.\"><span class=\"Y2IQFc\" lang=\"es\">El encuentro se celebr\u00f3 en el Palacio Ferial de Manresa y reuni\u00f3 a una cincuentena de representantes municipales y operadores del sector para compartir experiencias y soluciones tecnol\u00f3gicas aplicadas a la gesti\u00f3n inteligente del ciclo del agua, especialmente pensadas para municipios peque\u00f1os o con recursos limitados. <\/span><\/p>\n<p class=\"tw-data-text tw-text-large tw-ta\" dir=\"ltr\" data-placeholder=\"Traducci\u00f3n\" data-ved=\"2ahUKEwjVlrPI4sWOAxWZWkEAHbJKGu4Q3ewLegQICRAV\" aria-label=\"Texto traducido: Participamos en la jornada sobre digitalizaci\u00f3n y sostenibilidad en la gesti\u00f3n del agua El pasado 14 de julio asistimos a la jornada &quot;Digitalizaci\u00f3n y sostenibilidad en la gesti\u00f3n local del agua&quot;, organizada por Aig\u00fces de Manresa con el apoyo de la Diputaci\u00f3n de Barcelona. El encuentro se celebr\u00f3 en el Palacio Ferial de Manresa y reuni\u00f3 a una cincuentena de representantes municipales y operadores del sector para compartir experiencias y soluciones tecnol\u00f3gicas aplicadas a la gesti\u00f3n inteligente del ciclo del agua, especialmente pensadas para municipios peque\u00f1os o con recursos limitados. Durante la jornada, se presentaron los resultados del proyecto de digitalizaci\u00f3n impulsado por Aig\u00fces de Manresa en el marco de los fondos Next Generation - PERTE, que ha demostrado una mejora clara en la eficiencia h\u00eddrica y la reducci\u00f3n de p\u00e9rdidas. Tambi\u00e9n se destac\u00f3 el soporte t\u00e9cnico que ofrece la Diputaci\u00f3n de Barcelona a trav\u00e9s del programa DIBAIGUA, pensado para acompa\u00f1ar a los municipios en esta transformaci\u00f3n. La sesi\u00f3n puso en valor c\u00f3mo la digitalizaci\u00f3n puede convertirse en una herramienta clave para avanzar hacia una gesti\u00f3n m\u00e1s eficiente, sostenible y resiliente ante los retos del cambio clim\u00e1tico. Desde Nostraigua valoramos muy positivamente haber podido participar en este espacio de aprendizaje e intercambio, reafirmando nuestro compromiso con una gesti\u00f3n del agua m\u00e1s eficiente, m\u00e1s digital y m\u00e1s sostenible.\"><span class=\"Y2IQFc\" lang=\"es\">Durante la jornada, se presentaron los resultados del proyecto de digitalizaci\u00f3n impulsado por Aig\u00fces de Manresa en el marco de los fondos Next Generation &#8211; PERTE, que ha demostrado una mejora clara en la eficiencia h\u00eddrica y la reducci\u00f3n de p\u00e9rdidas. Tambi\u00e9n se destac\u00f3 el soporte t\u00e9cnico que ofrece la Diputaci\u00f3n de Barcelona a trav\u00e9s del programa DIBAIGUA, pensado para acompa\u00f1ar a los municipios en esta transformaci\u00f3n. <\/span><\/p>\n<p class=\"tw-data-text tw-text-large tw-ta\" dir=\"ltr\" data-placeholder=\"Traducci\u00f3n\" data-ved=\"2ahUKEwjVlrPI4sWOAxWZWkEAHbJKGu4Q3ewLegQICRAV\" aria-label=\"Texto traducido: Participamos en la jornada sobre digitalizaci\u00f3n y sostenibilidad en la gesti\u00f3n del agua El pasado 14 de julio asistimos a la jornada &quot;Digitalizaci\u00f3n y sostenibilidad en la gesti\u00f3n local del agua&quot;, organizada por Aig\u00fces de Manresa con el apoyo de la Diputaci\u00f3n de Barcelona. El encuentro se celebr\u00f3 en el Palacio Ferial de Manresa y reuni\u00f3 a una cincuentena de representantes municipales y operadores del sector para compartir experiencias y soluciones tecnol\u00f3gicas aplicadas a la gesti\u00f3n inteligente del ciclo del agua, especialmente pensadas para municipios peque\u00f1os o con recursos limitados. Durante la jornada, se presentaron los resultados del proyecto de digitalizaci\u00f3n impulsado por Aig\u00fces de Manresa en el marco de los fondos Next Generation - PERTE, que ha demostrado una mejora clara en la eficiencia h\u00eddrica y la reducci\u00f3n de p\u00e9rdidas. Tambi\u00e9n se destac\u00f3 el soporte t\u00e9cnico que ofrece la Diputaci\u00f3n de Barcelona a trav\u00e9s del programa DIBAIGUA, pensado para acompa\u00f1ar a los municipios en esta transformaci\u00f3n. La sesi\u00f3n puso en valor c\u00f3mo la digitalizaci\u00f3n puede convertirse en una herramienta clave para avanzar hacia una gesti\u00f3n m\u00e1s eficiente, sostenible y resiliente ante los retos del cambio clim\u00e1tico. Desde Nostraigua valoramos muy positivamente haber podido participar en este espacio de aprendizaje e intercambio, reafirmando nuestro compromiso con una gesti\u00f3n del agua m\u00e1s eficiente, m\u00e1s digital y m\u00e1s sostenible.\"><span class=\"Y2IQFc\" lang=\"es\"><img loading=\"lazy\" decoding=\"async\" class=\"size-medium wp-image-10851 alignleft\" src=\"https:\/\/nostraigua.cat\/wp-content\/uploads\/2025\/07\/jornada01-980x551-1-300x169.jpg\" alt=\"\" width=\"300\" height=\"169\" \/>La sesi\u00f3n puso en valor c\u00f3mo la digitalizaci\u00f3n puede convertirse en una herramienta clave para avanzar hacia una gesti\u00f3n m\u00e1s eficiente, sostenible y resiliente ante los retos del cambio clim\u00e1tico. <\/span><\/p>\n<p dir=\"ltr\" data-placeholder=\"Traducci\u00f3n\" data-ved=\"2ahUKEwjVlrPI4sWOAxWZWkEAHbJKGu4Q3ewLegQICRAV\" aria-label=\"Texto traducido: Participamos en la jornada sobre digitalizaci\u00f3n y sostenibilidad en la gesti\u00f3n del agua El pasado 14 de julio asistimos a la jornada &quot;Digitalizaci\u00f3n y sostenibilidad en la gesti\u00f3n local del agua&quot;, organizada por Aig\u00fces de Manresa con el apoyo de la Diputaci\u00f3n de Barcelona. El encuentro se celebr\u00f3 en el Palacio Ferial de Manresa y reuni\u00f3 a una cincuentena de representantes municipales y operadores del sector para compartir experiencias y soluciones tecnol\u00f3gicas aplicadas a la gesti\u00f3n inteligente del ciclo del agua, especialmente pensadas para municipios peque\u00f1os o con recursos limitados. Durante la jornada, se presentaron los resultados del proyecto de digitalizaci\u00f3n impulsado por Aig\u00fces de Manresa en el marco de los fondos Next Generation - PERTE, que ha demostrado una mejora clara en la eficiencia h\u00eddrica y la reducci\u00f3n de p\u00e9rdidas. Tambi\u00e9n se destac\u00f3 el soporte t\u00e9cnico que ofrece la Diputaci\u00f3n de Barcelona a trav\u00e9s del programa DIBAIGUA, pensado para acompa\u00f1ar a los municipios en esta transformaci\u00f3n. La sesi\u00f3n puso en valor c\u00f3mo la digitalizaci\u00f3n puede convertirse en una herramienta clave para avanzar hacia una gesti\u00f3n m\u00e1s eficiente, sostenible y resiliente ante los retos del cambio clim\u00e1tico. Desde Nostraigua valoramos muy positivamente haber podido participar en este espacio de aprendizaje e intercambio, reafirmando nuestro compromiso con una gesti\u00f3n del agua m\u00e1s eficiente, m\u00e1s digital y m\u00e1s sostenible.\">\n<p class=\"tw-data-text tw-text-large tw-ta\" dir=\"ltr\" data-placeholder=\"Traducci\u00f3n\" data-ved=\"2ahUKEwjVlrPI4sWOAxWZWkEAHbJKGu4Q3ewLegQICRAV\" aria-label=\"Texto traducido: Participamos en la jornada sobre digitalizaci\u00f3n y sostenibilidad en la gesti\u00f3n del agua El pasado 14 de julio asistimos a la jornada &quot;Digitalizaci\u00f3n y sostenibilidad en la gesti\u00f3n local del agua&quot;, organizada por Aig\u00fces de Manresa con el apoyo de la Diputaci\u00f3n de Barcelona. El encuentro se celebr\u00f3 en el Palacio Ferial de Manresa y reuni\u00f3 a una cincuentena de representantes municipales y operadores del sector para compartir experiencias y soluciones tecnol\u00f3gicas aplicadas a la gesti\u00f3n inteligente del ciclo del agua, especialmente pensadas para municipios peque\u00f1os o con recursos limitados. Durante la jornada, se presentaron los resultados del proyecto de digitalizaci\u00f3n impulsado por Aig\u00fces de Manresa en el marco de los fondos Next Generation - PERTE, que ha demostrado una mejora clara en la eficiencia h\u00eddrica y la reducci\u00f3n de p\u00e9rdidas. Tambi\u00e9n se destac\u00f3 el soporte t\u00e9cnico que ofrece la Diputaci\u00f3n de Barcelona a trav\u00e9s del programa DIBAIGUA, pensado para acompa\u00f1ar a los municipios en esta transformaci\u00f3n. La sesi\u00f3n puso en valor c\u00f3mo la digitalizaci\u00f3n puede convertirse en una herramienta clave para avanzar hacia una gesti\u00f3n m\u00e1s eficiente, sostenible y resiliente ante los retos del cambio clim\u00e1tico. Desde Nostraigua valoramos muy positivamente haber podido participar en este espacio de aprendizaje e intercambio, reafirmando nuestro compromiso con una gesti\u00f3n del agua m\u00e1s eficiente, m\u00e1s digital y m\u00e1s sostenible.\"><span class=\"Y2IQFc\" lang=\"es\">Desde Nostraigua valoramos muy positivamente haber podido participar en este espacio de aprendizaje e intercambio, reafirmando nuestro compromiso con una gesti\u00f3n del agua m\u00e1s eficiente, m\u00e1s digital y m\u00e1s sostenible.<\/span><\/p>\n","protected":false},"excerpt":{"rendered":"<p>El pasado 14 de julio asistimos a la jornada \u00abDigitalizaci\u00f3n y sostenibilidad en la gesti\u00f3n local del agua\u00bb, organizada por Aig\u00fces de Manresa con el apoyo de la Diputaci\u00f3n de Barcelona. El encuentro se celebr\u00f3 en el Palacio Ferial de Manresa y reuni\u00f3 a una cincuentena de representantes municipales y operadores del sector para compartir [&hellip;]<\/p>\n","protected":false},"author":4,"featured_media":10851,"comment_status":"closed","ping_status":"closed","sticky":false,"template":"","format":"standard","meta":{"_et_pb_use_builder":"","_et_pb_old_content":"","_et_gb_content_width":"","footnotes":""},"categories":[3],"tags":[],"class_list":["post-10853","post","type-post","status-publish","format-standard","has-post-thumbnail","hentry","category-sin-categorizar"],"yoast_head":"<!-- This site is optimized with the Yoast SEO plugin v27.1.1 - https:\/\/yoast.com\/product\/yoast-seo-wordpress\/ -->\n<title>Participamos en la jornada sobre digitalizaci\u00f3n y sostenibilidad en la gesti\u00f3n del agua - Nostraigua<\/title>\n<meta name=\"robots\" content=\"index, follow, max-snippet:-1, max-image-preview:large, max-video-preview:-1\" \/>\n<link rel=\"canonical\" href=\"https:\/\/nostraigua.cat\/es\/participamos-en-la-jornada-sobre-digitalizacion-y-sostenibilidad-en-la-gestion-del-agua\/\" \/>\n<meta property=\"og:locale\" content=\"es_ES\" \/>\n<meta property=\"og:type\" content=\"article\" \/>\n<meta property=\"og:title\" content=\"Participamos en la jornada sobre digitalizaci\u00f3n y sostenibilidad en la gesti\u00f3n del agua - Nostraigua\" \/>\n<meta property=\"og:description\" content=\"El pasado 14 de julio asistimos a la jornada \u00abDigitalizaci\u00f3n y sostenibilidad en la gesti\u00f3n local del agua\u00bb, organizada por Aig\u00fces de Manresa con el apoyo de la Diputaci\u00f3n de Barcelona. El encuentro se celebr\u00f3 en el Palacio Ferial de Manresa y reuni\u00f3 a una cincuentena de representantes municipales y operadores del sector para compartir [&hellip;]\" \/>\n<meta property=\"og:url\" content=\"https:\/\/nostraigua.cat\/es\/participamos-en-la-jornada-sobre-digitalizacion-y-sostenibilidad-en-la-gestion-del-agua\/\" \/>\n<meta property=\"og:site_name\" content=\"Nostraigua\" \/>\n<meta property=\"article:published_time\" content=\"2025-07-17T06:26:20+00:00\" \/>\n<meta property=\"article:modified_time\" content=\"2025-07-18T06:34:03+00:00\" \/>\n<meta property=\"og:image\" content=\"https:\/\/nostraigua.cat\/wp-content\/uploads\/2025\/07\/jornada01-980x551-1.jpg\" \/>\n\t<meta property=\"og:image:width\" content=\"980\" \/>\n\t<meta property=\"og:image:height\" content=\"551\" \/>\n\t<meta property=\"og:image:type\" content=\"image\/jpeg\" \/>\n<meta name=\"author\" content=\"Sandra Mart\u00ednez\" \/>\n<meta name=\"twitter:card\" content=\"summary_large_image\" \/>\n<meta name=\"twitter:label1\" content=\"Escrito por\" \/>\n\t<meta name=\"twitter:data1\" content=\"Sandra Mart\u00ednez\" \/>\n\t<meta name=\"twitter:label2\" content=\"Tiempo de lectura\" \/>\n\t<meta name=\"twitter:data2\" content=\"2 minutos\" \/>\n<script type=\"application\/ld+json\" class=\"yoast-schema-graph\">{\"@context\":\"https:\/\/schema.org\",\"@graph\":[{\"@type\":\"Article\",\"@id\":\"https:\/\/nostraigua.cat\/es\/participamos-en-la-jornada-sobre-digitalizacion-y-sostenibilidad-en-la-gestion-del-agua\/#article\",\"isPartOf\":{\"@id\":\"https:\/\/nostraigua.cat\/es\/participamos-en-la-jornada-sobre-digitalizacion-y-sostenibilidad-en-la-gestion-del-agua\/\"},\"author\":{\"name\":\"Sandra Mart\u00ednez\",\"@id\":\"https:\/\/nostraigua.cat\/es\/#\/schema\/person\/5f8da8f888199e99d7280df61c46696b\"},\"headline\":\"Participamos en la jornada sobre digitalizaci\u00f3n y sostenibilidad en la gesti\u00f3n del agua\",\"datePublished\":\"2025-07-17T06:26:20+00:00\",\"dateModified\":\"2025-07-18T06:34:03+00:00\",\"mainEntityOfPage\":{\"@id\":\"https:\/\/nostraigua.cat\/es\/participamos-en-la-jornada-sobre-digitalizacion-y-sostenibilidad-en-la-gestion-del-agua\/\"},\"wordCount\":246,\"image\":{\"@id\":\"https:\/\/nostraigua.cat\/es\/participamos-en-la-jornada-sobre-digitalizacion-y-sostenibilidad-en-la-gestion-del-agua\/#primaryimage\"},\"thumbnailUrl\":\"https:\/\/nostraigua.cat\/wp-content\/uploads\/2025\/07\/jornada01-980x551-1.jpg\",\"articleSection\":[\"Sin categorizar\"],\"inLanguage\":\"es\"},{\"@type\":\"WebPage\",\"@id\":\"https:\/\/nostraigua.cat\/es\/participamos-en-la-jornada-sobre-digitalizacion-y-sostenibilidad-en-la-gestion-del-agua\/\",\"url\":\"https:\/\/nostraigua.cat\/es\/participamos-en-la-jornada-sobre-digitalizacion-y-sostenibilidad-en-la-gestion-del-agua\/\",\"name\":\"Participamos en la jornada sobre digitalizaci\u00f3n y sostenibilidad en la gesti\u00f3n del agua - Nostraigua\",\"isPartOf\":{\"@id\":\"https:\/\/nostraigua.cat\/es\/#website\"},\"primaryImageOfPage\":{\"@id\":\"https:\/\/nostraigua.cat\/es\/participamos-en-la-jornada-sobre-digitalizacion-y-sostenibilidad-en-la-gestion-del-agua\/#primaryimage\"},\"image\":{\"@id\":\"https:\/\/nostraigua.cat\/es\/participamos-en-la-jornada-sobre-digitalizacion-y-sostenibilidad-en-la-gestion-del-agua\/#primaryimage\"},\"thumbnailUrl\":\"https:\/\/nostraigua.cat\/wp-content\/uploads\/2025\/07\/jornada01-980x551-1.jpg\",\"datePublished\":\"2025-07-17T06:26:20+00:00\",\"dateModified\":\"2025-07-18T06:34:03+00:00\",\"author\":{\"@id\":\"https:\/\/nostraigua.cat\/es\/#\/schema\/person\/5f8da8f888199e99d7280df61c46696b\"},\"breadcrumb\":{\"@id\":\"https:\/\/nostraigua.cat\/es\/participamos-en-la-jornada-sobre-digitalizacion-y-sostenibilidad-en-la-gestion-del-agua\/#breadcrumb\"},\"inLanguage\":\"es\",\"potentialAction\":[{\"@type\":\"ReadAction\",\"target\":[\"https:\/\/nostraigua.cat\/es\/participamos-en-la-jornada-sobre-digitalizacion-y-sostenibilidad-en-la-gestion-del-agua\/\"]}]},{\"@type\":\"ImageObject\",\"inLanguage\":\"es\",\"@id\":\"https:\/\/nostraigua.cat\/es\/participamos-en-la-jornada-sobre-digitalizacion-y-sostenibilidad-en-la-gestion-del-agua\/#primaryimage\",\"url\":\"https:\/\/nostraigua.cat\/wp-content\/uploads\/2025\/07\/jornada01-980x551-1.jpg\",\"contentUrl\":\"https:\/\/nostraigua.cat\/wp-content\/uploads\/2025\/07\/jornada01-980x551-1.jpg\",\"width\":980,\"height\":551},{\"@type\":\"BreadcrumbList\",\"@id\":\"https:\/\/nostraigua.cat\/es\/participamos-en-la-jornada-sobre-digitalizacion-y-sostenibilidad-en-la-gestion-del-agua\/#breadcrumb\",\"itemListElement\":[{\"@type\":\"ListItem\",\"position\":1,\"name\":\"Portada\",\"item\":\"https:\/\/nostraigua.cat\/es\/\"},{\"@type\":\"ListItem\",\"position\":2,\"name\":\"Participamos en la jornada sobre digitalizaci\u00f3n y sostenibilidad en la gesti\u00f3n del agua\"}]},{\"@type\":\"WebSite\",\"@id\":\"https:\/\/nostraigua.cat\/es\/#website\",\"url\":\"https:\/\/nostraigua.cat\/es\/\",\"name\":\"Nostraigua\",\"description\":\"Nostraigua\",\"potentialAction\":[{\"@type\":\"SearchAction\",\"target\":{\"@type\":\"EntryPoint\",\"urlTemplate\":\"https:\/\/nostraigua.cat\/es\/?s={search_term_string}\"},\"query-input\":{\"@type\":\"PropertyValueSpecification\",\"valueRequired\":true,\"valueName\":\"search_term_string\"}}],\"inLanguage\":\"es\"},{\"@type\":\"Person\",\"@id\":\"https:\/\/nostraigua.cat\/es\/#\/schema\/person\/5f8da8f888199e99d7280df61c46696b\",\"name\":\"Sandra Mart\u00ednez\",\"image\":{\"@type\":\"ImageObject\",\"inLanguage\":\"es\",\"@id\":\"https:\/\/nostraigua.cat\/es\/#\/schema\/person\/image\/\",\"url\":\"https:\/\/secure.gravatar.com\/avatar\/9022974ff524f30a58d4dafe9b47985343ff045d55f476573cb019639148e912?s=96&r=g\",\"contentUrl\":\"https:\/\/secure.gravatar.com\/avatar\/9022974ff524f30a58d4dafe9b47985343ff045d55f476573cb019639148e912?s=96&r=g\",\"caption\":\"Sandra Mart\u00ednez\"}}]}<\/script>\n<!-- \/ Yoast SEO plugin. -->","yoast_head_json":{"title":"Participamos en la jornada sobre digitalizaci\u00f3n y sostenibilidad en la gesti\u00f3n del agua - Nostraigua","robots":{"index":"index","follow":"follow","max-snippet":"max-snippet:-1","max-image-preview":"max-image-preview:large","max-video-preview":"max-video-preview:-1"},"canonical":"https:\/\/nostraigua.cat\/es\/participamos-en-la-jornada-sobre-digitalizacion-y-sostenibilidad-en-la-gestion-del-agua\/","og_locale":"es_ES","og_type":"article","og_title":"Participamos en la jornada sobre digitalizaci\u00f3n y sostenibilidad en la gesti\u00f3n del agua - Nostraigua","og_description":"El pasado 14 de julio asistimos a la jornada \u00abDigitalizaci\u00f3n y sostenibilidad en la gesti\u00f3n local del agua\u00bb, organizada por Aig\u00fces de Manresa con el apoyo de la Diputaci\u00f3n de Barcelona. El encuentro se celebr\u00f3 en el Palacio Ferial de Manresa y reuni\u00f3 a una cincuentena de representantes municipales y operadores del sector para compartir [&hellip;]","og_url":"https:\/\/nostraigua.cat\/es\/participamos-en-la-jornada-sobre-digitalizacion-y-sostenibilidad-en-la-gestion-del-agua\/","og_site_name":"Nostraigua","article_published_time":"2025-07-17T06:26:20+00:00","article_modified_time":"2025-07-18T06:34:03+00:00","og_image":[{"width":980,"height":551,"url":"https:\/\/nostraigua.cat\/wp-content\/uploads\/2025\/07\/jornada01-980x551-1.jpg","type":"image\/jpeg"}],"author":"Sandra Mart\u00ednez","twitter_card":"summary_large_image","twitter_misc":{"Escrito por":"Sandra Mart\u00ednez","Tiempo de lectura":"2 minutos"},"schema":{"@context":"https:\/\/schema.org","@graph":[{"@type":"Article","@id":"https:\/\/nostraigua.cat\/es\/participamos-en-la-jornada-sobre-digitalizacion-y-sostenibilidad-en-la-gestion-del-agua\/#article","isPartOf":{"@id":"https:\/\/nostraigua.cat\/es\/participamos-en-la-jornada-sobre-digitalizacion-y-sostenibilidad-en-la-gestion-del-agua\/"},"author":{"name":"Sandra Mart\u00ednez","@id":"https:\/\/nostraigua.cat\/es\/#\/schema\/person\/5f8da8f888199e99d7280df61c46696b"},"headline":"Participamos en la jornada sobre digitalizaci\u00f3n y sostenibilidad en la gesti\u00f3n del agua","datePublished":"2025-07-17T06:26:20+00:00","dateModified":"2025-07-18T06:34:03+00:00","mainEntityOfPage":{"@id":"https:\/\/nostraigua.cat\/es\/participamos-en-la-jornada-sobre-digitalizacion-y-sostenibilidad-en-la-gestion-del-agua\/"},"wordCount":246,"image":{"@id":"https:\/\/nostraigua.cat\/es\/participamos-en-la-jornada-sobre-digitalizacion-y-sostenibilidad-en-la-gestion-del-agua\/#primaryimage"},"thumbnailUrl":"https:\/\/nostraigua.cat\/wp-content\/uploads\/2025\/07\/jornada01-980x551-1.jpg","articleSection":["Sin categorizar"],"inLanguage":"es"},{"@type":"WebPage","@id":"https:\/\/nostraigua.cat\/es\/participamos-en-la-jornada-sobre-digitalizacion-y-sostenibilidad-en-la-gestion-del-agua\/","url":"https:\/\/nostraigua.cat\/es\/participamos-en-la-jornada-sobre-digitalizacion-y-sostenibilidad-en-la-gestion-del-agua\/","name":"Participamos en la jornada sobre digitalizaci\u00f3n y sostenibilidad en la gesti\u00f3n del agua - Nostraigua","isPartOf":{"@id":"https:\/\/nostraigua.cat\/es\/#website"},"primaryImageOfPage":{"@id":"https:\/\/nostraigua.cat\/es\/participamos-en-la-jornada-sobre-digitalizacion-y-sostenibilidad-en-la-gestion-del-agua\/#primaryimage"},"image":{"@id":"https:\/\/nostraigua.cat\/es\/participamos-en-la-jornada-sobre-digitalizacion-y-sostenibilidad-en-la-gestion-del-agua\/#primaryimage"},"thumbnailUrl":"https:\/\/nostraigua.cat\/wp-content\/uploads\/2025\/07\/jornada01-980x551-1.jpg","datePublished":"2025-07-17T06:26:20+00:00","dateModified":"2025-07-18T06:34:03+00:00","author":{"@id":"https:\/\/nostraigua.cat\/es\/#\/schema\/person\/5f8da8f888199e99d7280df61c46696b"},"breadcrumb":{"@id":"https:\/\/nostraigua.cat\/es\/participamos-en-la-jornada-sobre-digitalizacion-y-sostenibilidad-en-la-gestion-del-agua\/#breadcrumb"},"inLanguage":"es","potentialAction":[{"@type":"ReadAction","target":["https:\/\/nostraigua.cat\/es\/participamos-en-la-jornada-sobre-digitalizacion-y-sostenibilidad-en-la-gestion-del-agua\/"]}]},{"@type":"ImageObject","inLanguage":"es","@id":"https:\/\/nostraigua.cat\/es\/participamos-en-la-jornada-sobre-digitalizacion-y-sostenibilidad-en-la-gestion-del-agua\/#primaryimage","url":"https:\/\/nostraigua.cat\/wp-content\/uploads\/2025\/07\/jornada01-980x551-1.jpg","contentUrl":"https:\/\/nostraigua.cat\/wp-content\/uploads\/2025\/07\/jornada01-980x551-1.jpg","width":980,"height":551},{"@type":"BreadcrumbList","@id":"https:\/\/nostraigua.cat\/es\/participamos-en-la-jornada-sobre-digitalizacion-y-sostenibilidad-en-la-gestion-del-agua\/#breadcrumb","itemListElement":[{"@type":"ListItem","position":1,"name":"Portada","item":"https:\/\/nostraigua.cat\/es\/"},{"@type":"ListItem","position":2,"name":"Participamos en la jornada sobre digitalizaci\u00f3n y sostenibilidad en la gesti\u00f3n del agua"}]},{"@type":"WebSite","@id":"https:\/\/nostraigua.cat\/es\/#website","url":"https:\/\/nostraigua.cat\/es\/","name":"Nostraigua","description":"Nostraigua","potentialAction":[{"@type":"SearchAction","target":{"@type":"EntryPoint","urlTemplate":"https:\/\/nostraigua.cat\/es\/?s={search_term_string}"},"query-input":{"@type":"PropertyValueSpecification","valueRequired":true,"valueName":"search_term_string"}}],"inLanguage":"es"},{"@type":"Person","@id":"https:\/\/nostraigua.cat\/es\/#\/schema\/person\/5f8da8f888199e99d7280df61c46696b","name":"Sandra Mart\u00ednez","image":{"@type":"ImageObject","inLanguage":"es","@id":"https:\/\/nostraigua.cat\/es\/#\/schema\/person\/image\/","url":"https:\/\/secure.gravatar.com\/avatar\/9022974ff524f30a58d4dafe9b47985343ff045d55f476573cb019639148e912?s=96&r=g","contentUrl":"https:\/\/secure.gravatar.com\/avatar\/9022974ff524f30a58d4dafe9b47985343ff045d55f476573cb019639148e912?s=96&r=g","caption":"Sandra Mart\u00ednez"}}]}},"publishpress_future_action":{"enabled":false,"date":"2026-04-30 12:17:45","action":"change-status","newStatus":"draft","terms":[],"taxonomy":"category","extraData":[]},"publishpress_future_workflow_manual_trigger":{"enabledWorkflows":[]},"_links":{"self":[{"href":"https:\/\/nostraigua.cat\/es\/wp-json\/wp\/v2\/posts\/10853","targetHints":{"allow":["GET"]}}],"collection":[{"href":"https:\/\/nostraigua.cat\/es\/wp-json\/wp\/v2\/posts"}],"about":[{"href":"https:\/\/nostraigua.cat\/es\/wp-json\/wp\/v2\/types\/post"}],"author":[{"embeddable":true,"href":"https:\/\/nostraigua.cat\/es\/wp-json\/wp\/v2\/users\/4"}],"replies":[{"embeddable":true,"href":"https:\/\/nostraigua.cat\/es\/wp-json\/wp\/v2\/comments?post=10853"}],"version-history":[{"count":3,"href":"https:\/\/nostraigua.cat\/es\/wp-json\/wp\/v2\/posts\/10853\/revisions"}],"predecessor-version":[{"id":10856,"href":"https:\/\/nostraigua.cat\/es\/wp-json\/wp\/v2\/posts\/10853\/revisions\/10856"}],"wp:featuredmedia":[{"embeddable":true,"href":"https:\/\/nostraigua.cat\/es\/wp-json\/wp\/v2\/media\/10851"}],"wp:attachment":[{"href":"https:\/\/nostraigua.cat\/es\/wp-json\/wp\/v2\/media?parent=10853"}],"wp:term":[{"taxonomy":"category","embeddable":true,"href":"https:\/\/nostraigua.cat\/es\/wp-json\/wp\/v2\/categories?post=10853"},{"taxonomy":"post_tag","embeddable":true,"href":"https:\/\/nostraigua.cat\/es\/wp-json\/wp\/v2\/tags?post=10853"}],"curies":[{"name":"wp","href":"https:\/\/api.w.org\/{rel}","templated":true}]}}