{"id":10316,"date":"2025-03-22T00:00:06","date_gmt":"2025-03-21T23:00:06","guid":{"rendered":"https:\/\/nostraigua.cat\/?p=10316"},"modified":"2025-03-21T09:37:15","modified_gmt":"2025-03-21T08:37:15","slug":"hoy-se-celebra-el-dia-mundial-del-agua-con-el-lema-salvemos-nuestros-glaciares","status":"publish","type":"post","link":"https:\/\/nostraigua.cat\/es\/hoy-se-celebra-el-dia-mundial-del-agua-con-el-lema-salvemos-nuestros-glaciares\/","title":{"rendered":"HOY SE CELEBRA EL D\u00cdA MUNDIAL DEL AGUA CON EL LEMA SALVEMOS NUESTROS GLACIARES"},"content":{"rendered":"<ul>\n<li><strong>La campa\u00f1a mundial anima desde particulares y familias hasta empresas y gobiernos a hacer lo posible por reducir el calentamiento global y adaptarse al retroceso de los glaciares.<\/strong><\/li>\n<\/ul>\n<p>El <a href=\"https:\/\/www.un.org\/es\/observances\/water-day\">D\u00eda Mundial de l\u2019Aigua (Word Water Day)<\/a> se celebra anualmente el 22<img loading=\"lazy\" decoding=\"async\" class=\"wp-image-10312 alignright\" src=\"https:\/\/nostraigua.cat\/wp-content\/uploads\/2025\/03\/imatge-dia-mundial-aigua-25-300x253.png\" alt=\"\" width=\"244\" height=\"206\" srcset=\"https:\/\/nostraigua.cat\/wp-content\/uploads\/2025\/03\/imatge-dia-mundial-aigua-25-300x253.png 300w, https:\/\/nostraigua.cat\/wp-content\/uploads\/2025\/03\/imatge-dia-mundial-aigua-25.png 470w\" sizes=\"(max-width: 244px) 100vw, 244px\" \/> de mar\u00e7 y la empresa p\u00fablica Nostraigua como entidad de gesti\u00f3n del servicio de agua en el municipio de Mont-roig del Camp se suma a la campa\u00f1a a escala internacional que este a\u00f1o tiene como tema del D\u00eda Mundial del Agua 2025 <em>\u00abConservemos nuestros glaciares\u00bb. <\/em>El objetivo de este d\u00eda mundial es trabajar juntos para que la conservaci\u00f3n de los glaciares se convierta en uno de los ejes de nuestros planes para hacer frente al cambio clim\u00e1tico y a la crisis mundial del agua.<\/p>\n<p>Los glaciares son esenciales para la vida: su agua de deshielo es vital para disponer de agua potable y para usos agr\u00edcolas, industriales y de producci\u00f3n de energ\u00eda limpia, adem\u00e1s de ser esencial para la salud de los ecosistemas.<\/p>\n<p>Es esencial reducir las emisiones de carbono a escala mundial y adoptar estrategias locales para adaptarse al retroceso de los glaciares.<\/p>\n<p>La campa\u00f1a mundial anima desde particulares y familias hasta empresas y gobiernos a hacer lo posible por reducir el calentamiento global y adaptarse al retroceso de los glaciares.<\/p>\n<p><strong>Mensajes clave que se han de conocer con motivo del D\u00eda Mundial del Agua 2025<\/strong><\/p>\n<ul>\n<li><strong>Los glaciares se derriten m\u00e1s r\u00e1pido que nunca. <\/strong>. A medida que aumenta la temperatura del planeta debido al cambio clim\u00e1tico, nuestro patrimonio helado se reduce, y el ciclo del agua se vuelve m\u00e1s impredecible y extremo.<\/li>\n<li><strong>El retroceso de los glaciares amenaza con provocar devastaci\u00f3n. <\/strong>. Miles de millones de personas sufren los efectos de los cambios en los flujos de agua de deshielo: crecidas, sequ\u00edas, deslizamientos de tierra, subida del nivel del mar y da\u00f1os a ecosistemas.<\/li>\n<li><strong>La conservaci\u00f3n de los glaciares es una estrategia de supervivencia. <\/strong>. Debemos trabajar juntos para reducir las emisiones de gases de efecto invernadero y gestionar el agua de deshielo de forma m\u00e1s sostenible para las personas y el planeta.<\/li>\n<\/ul>\n","protected":false},"excerpt":{"rendered":"<p>La campa\u00f1a mundial anima desde particulares y familias hasta empresas y gobiernos a hacer lo posible por reducir el calentamiento global y adaptarse al retroceso de los glaciares. El D\u00eda Mundial de l\u2019Aigua (Word Water Day) se celebra anualmente el 22 de mar\u00e7 y la empresa p\u00fablica Nostraigua como entidad de gesti\u00f3n del servicio de [&hellip;]<\/p>\n","protected":false},"author":4,"featured_media":10313,"comment_status":"closed","ping_status":"closed","sticky":false,"template":"","format":"standard","meta":{"_et_pb_use_builder":"","_et_pb_old_content":"","_et_gb_content_width":"","footnotes":""},"categories":[3],"tags":[],"class_list":["post-10316","post","type-post","status-publish","format-standard","has-post-thumbnail","hentry","category-sin-categorizar"],"yoast_head":"<!-- This site is optimized with the Yoast SEO plugin v27.1.1 - https:\/\/yoast.com\/product\/yoast-seo-wordpress\/ -->\n<title>HOY SE CELEBRA EL D\u00cdA MUNDIAL DEL AGUA CON EL LEMA SALVEMOS NUESTROS GLACIARES - Nostraigua<\/title>\n<meta name=\"robots\" content=\"index, follow, max-snippet:-1, max-image-preview:large, max-video-preview:-1\" \/>\n<link rel=\"canonical\" href=\"https:\/\/nostraigua.cat\/es\/hoy-se-celebra-el-dia-mundial-del-agua-con-el-lema-salvemos-nuestros-glaciares\/\" \/>\n<meta property=\"og:locale\" content=\"es_ES\" \/>\n<meta property=\"og:type\" content=\"article\" \/>\n<meta property=\"og:title\" content=\"HOY SE CELEBRA EL D\u00cdA MUNDIAL DEL AGUA CON EL LEMA SALVEMOS NUESTROS GLACIARES - Nostraigua\" \/>\n<meta property=\"og:description\" content=\"La campa\u00f1a mundial anima desde particulares y familias hasta empresas y gobiernos a hacer lo posible por reducir el calentamiento global y adaptarse al retroceso de los glaciares. El D\u00eda Mundial de l\u2019Aigua (Word Water Day) se celebra anualmente el 22 de mar\u00e7 y la empresa p\u00fablica Nostraigua como entidad de gesti\u00f3n del servicio de [&hellip;]\" \/>\n<meta property=\"og:url\" content=\"https:\/\/nostraigua.cat\/es\/hoy-se-celebra-el-dia-mundial-del-agua-con-el-lema-salvemos-nuestros-glaciares\/\" \/>\n<meta property=\"og:site_name\" content=\"Nostraigua\" \/>\n<meta property=\"article:published_time\" content=\"2025-03-21T23:00:06+00:00\" \/>\n<meta property=\"og:image\" content=\"https:\/\/nostraigua.cat\/wp-content\/uploads\/2025\/03\/imatge-dia-mundial-aigua-25.png\" \/>\n\t<meta property=\"og:image:width\" content=\"470\" \/>\n\t<meta property=\"og:image:height\" content=\"396\" \/>\n\t<meta property=\"og:image:type\" content=\"image\/png\" \/>\n<meta name=\"author\" content=\"Sandra Mart\u00ednez\" \/>\n<meta name=\"twitter:card\" content=\"summary_large_image\" \/>\n<meta name=\"twitter:label1\" content=\"Escrito por\" \/>\n\t<meta name=\"twitter:data1\" content=\"Sandra Mart\u00ednez\" \/>\n\t<meta name=\"twitter:label2\" content=\"Tiempo de lectura\" \/>\n\t<meta name=\"twitter:data2\" content=\"3 minutos\" \/>\n<script type=\"application\/ld+json\" class=\"yoast-schema-graph\">{\"@context\":\"https:\/\/schema.org\",\"@graph\":[{\"@type\":\"Article\",\"@id\":\"https:\/\/nostraigua.cat\/es\/hoy-se-celebra-el-dia-mundial-del-agua-con-el-lema-salvemos-nuestros-glaciares\/#article\",\"isPartOf\":{\"@id\":\"https:\/\/nostraigua.cat\/es\/hoy-se-celebra-el-dia-mundial-del-agua-con-el-lema-salvemos-nuestros-glaciares\/\"},\"author\":{\"name\":\"Sandra Mart\u00ednez\",\"@id\":\"https:\/\/nostraigua.cat\/es\/#\/schema\/person\/5f8da8f888199e99d7280df61c46696b\"},\"headline\":\"HOY SE CELEBRA EL D\u00cdA MUNDIAL DEL AGUA CON EL LEMA SALVEMOS NUESTROS GLACIARES\",\"datePublished\":\"2025-03-21T23:00:06+00:00\",\"mainEntityOfPage\":{\"@id\":\"https:\/\/nostraigua.cat\/es\/hoy-se-celebra-el-dia-mundial-del-agua-con-el-lema-salvemos-nuestros-glaciares\/\"},\"wordCount\":381,\"image\":{\"@id\":\"https:\/\/nostraigua.cat\/es\/hoy-se-celebra-el-dia-mundial-del-agua-con-el-lema-salvemos-nuestros-glaciares\/#primaryimage\"},\"thumbnailUrl\":\"https:\/\/nostraigua.cat\/wp-content\/uploads\/2025\/03\/imatge-dia-mundial-aigua-25.png\",\"articleSection\":[\"Sin categorizar\"],\"inLanguage\":\"es\"},{\"@type\":\"WebPage\",\"@id\":\"https:\/\/nostraigua.cat\/es\/hoy-se-celebra-el-dia-mundial-del-agua-con-el-lema-salvemos-nuestros-glaciares\/\",\"url\":\"https:\/\/nostraigua.cat\/es\/hoy-se-celebra-el-dia-mundial-del-agua-con-el-lema-salvemos-nuestros-glaciares\/\",\"name\":\"HOY SE CELEBRA EL D\u00cdA MUNDIAL DEL AGUA CON EL LEMA SALVEMOS NUESTROS GLACIARES - Nostraigua\",\"isPartOf\":{\"@id\":\"https:\/\/nostraigua.cat\/es\/#website\"},\"primaryImageOfPage\":{\"@id\":\"https:\/\/nostraigua.cat\/es\/hoy-se-celebra-el-dia-mundial-del-agua-con-el-lema-salvemos-nuestros-glaciares\/#primaryimage\"},\"image\":{\"@id\":\"https:\/\/nostraigua.cat\/es\/hoy-se-celebra-el-dia-mundial-del-agua-con-el-lema-salvemos-nuestros-glaciares\/#primaryimage\"},\"thumbnailUrl\":\"https:\/\/nostraigua.cat\/wp-content\/uploads\/2025\/03\/imatge-dia-mundial-aigua-25.png\",\"datePublished\":\"2025-03-21T23:00:06+00:00\",\"author\":{\"@id\":\"https:\/\/nostraigua.cat\/es\/#\/schema\/person\/5f8da8f888199e99d7280df61c46696b\"},\"breadcrumb\":{\"@id\":\"https:\/\/nostraigua.cat\/es\/hoy-se-celebra-el-dia-mundial-del-agua-con-el-lema-salvemos-nuestros-glaciares\/#breadcrumb\"},\"inLanguage\":\"es\",\"potentialAction\":[{\"@type\":\"ReadAction\",\"target\":[\"https:\/\/nostraigua.cat\/es\/hoy-se-celebra-el-dia-mundial-del-agua-con-el-lema-salvemos-nuestros-glaciares\/\"]}]},{\"@type\":\"ImageObject\",\"inLanguage\":\"es\",\"@id\":\"https:\/\/nostraigua.cat\/es\/hoy-se-celebra-el-dia-mundial-del-agua-con-el-lema-salvemos-nuestros-glaciares\/#primaryimage\",\"url\":\"https:\/\/nostraigua.cat\/wp-content\/uploads\/2025\/03\/imatge-dia-mundial-aigua-25.png\",\"contentUrl\":\"https:\/\/nostraigua.cat\/wp-content\/uploads\/2025\/03\/imatge-dia-mundial-aigua-25.png\",\"width\":470,\"height\":396},{\"@type\":\"BreadcrumbList\",\"@id\":\"https:\/\/nostraigua.cat\/es\/hoy-se-celebra-el-dia-mundial-del-agua-con-el-lema-salvemos-nuestros-glaciares\/#breadcrumb\",\"itemListElement\":[{\"@type\":\"ListItem\",\"position\":1,\"name\":\"Portada\",\"item\":\"https:\/\/nostraigua.cat\/es\/\"},{\"@type\":\"ListItem\",\"position\":2,\"name\":\"HOY SE CELEBRA EL D\u00cdA MUNDIAL DEL AGUA CON EL LEMA SALVEMOS NUESTROS GLACIARES\"}]},{\"@type\":\"WebSite\",\"@id\":\"https:\/\/nostraigua.cat\/es\/#website\",\"url\":\"https:\/\/nostraigua.cat\/es\/\",\"name\":\"Nostraigua\",\"description\":\"Nostraigua\",\"potentialAction\":[{\"@type\":\"SearchAction\",\"target\":{\"@type\":\"EntryPoint\",\"urlTemplate\":\"https:\/\/nostraigua.cat\/es\/?s={search_term_string}\"},\"query-input\":{\"@type\":\"PropertyValueSpecification\",\"valueRequired\":true,\"valueName\":\"search_term_string\"}}],\"inLanguage\":\"es\"},{\"@type\":\"Person\",\"@id\":\"https:\/\/nostraigua.cat\/es\/#\/schema\/person\/5f8da8f888199e99d7280df61c46696b\",\"name\":\"Sandra Mart\u00ednez\",\"image\":{\"@type\":\"ImageObject\",\"inLanguage\":\"es\",\"@id\":\"https:\/\/nostraigua.cat\/es\/#\/schema\/person\/image\/\",\"url\":\"https:\/\/secure.gravatar.com\/avatar\/9022974ff524f30a58d4dafe9b47985343ff045d55f476573cb019639148e912?s=96&r=g\",\"contentUrl\":\"https:\/\/secure.gravatar.com\/avatar\/9022974ff524f30a58d4dafe9b47985343ff045d55f476573cb019639148e912?s=96&r=g\",\"caption\":\"Sandra Mart\u00ednez\"}}]}<\/script>\n<!-- \/ Yoast SEO plugin. -->","yoast_head_json":{"title":"HOY SE CELEBRA EL D\u00cdA MUNDIAL DEL AGUA CON EL LEMA SALVEMOS NUESTROS GLACIARES - Nostraigua","robots":{"index":"index","follow":"follow","max-snippet":"max-snippet:-1","max-image-preview":"max-image-preview:large","max-video-preview":"max-video-preview:-1"},"canonical":"https:\/\/nostraigua.cat\/es\/hoy-se-celebra-el-dia-mundial-del-agua-con-el-lema-salvemos-nuestros-glaciares\/","og_locale":"es_ES","og_type":"article","og_title":"HOY SE CELEBRA EL D\u00cdA MUNDIAL DEL AGUA CON EL LEMA SALVEMOS NUESTROS GLACIARES - Nostraigua","og_description":"La campa\u00f1a mundial anima desde particulares y familias hasta empresas y gobiernos a hacer lo posible por reducir el calentamiento global y adaptarse al retroceso de los glaciares. El D\u00eda Mundial de l\u2019Aigua (Word Water Day) se celebra anualmente el 22 de mar\u00e7 y la empresa p\u00fablica Nostraigua como entidad de gesti\u00f3n del servicio de [&hellip;]","og_url":"https:\/\/nostraigua.cat\/es\/hoy-se-celebra-el-dia-mundial-del-agua-con-el-lema-salvemos-nuestros-glaciares\/","og_site_name":"Nostraigua","article_published_time":"2025-03-21T23:00:06+00:00","og_image":[{"width":470,"height":396,"url":"https:\/\/nostraigua.cat\/wp-content\/uploads\/2025\/03\/imatge-dia-mundial-aigua-25.png","type":"image\/png"}],"author":"Sandra Mart\u00ednez","twitter_card":"summary_large_image","twitter_misc":{"Escrito por":"Sandra Mart\u00ednez","Tiempo de lectura":"3 minutos"},"schema":{"@context":"https:\/\/schema.org","@graph":[{"@type":"Article","@id":"https:\/\/nostraigua.cat\/es\/hoy-se-celebra-el-dia-mundial-del-agua-con-el-lema-salvemos-nuestros-glaciares\/#article","isPartOf":{"@id":"https:\/\/nostraigua.cat\/es\/hoy-se-celebra-el-dia-mundial-del-agua-con-el-lema-salvemos-nuestros-glaciares\/"},"author":{"name":"Sandra Mart\u00ednez","@id":"https:\/\/nostraigua.cat\/es\/#\/schema\/person\/5f8da8f888199e99d7280df61c46696b"},"headline":"HOY SE CELEBRA EL D\u00cdA MUNDIAL DEL AGUA CON EL LEMA SALVEMOS NUESTROS GLACIARES","datePublished":"2025-03-21T23:00:06+00:00","mainEntityOfPage":{"@id":"https:\/\/nostraigua.cat\/es\/hoy-se-celebra-el-dia-mundial-del-agua-con-el-lema-salvemos-nuestros-glaciares\/"},"wordCount":381,"image":{"@id":"https:\/\/nostraigua.cat\/es\/hoy-se-celebra-el-dia-mundial-del-agua-con-el-lema-salvemos-nuestros-glaciares\/#primaryimage"},"thumbnailUrl":"https:\/\/nostraigua.cat\/wp-content\/uploads\/2025\/03\/imatge-dia-mundial-aigua-25.png","articleSection":["Sin categorizar"],"inLanguage":"es"},{"@type":"WebPage","@id":"https:\/\/nostraigua.cat\/es\/hoy-se-celebra-el-dia-mundial-del-agua-con-el-lema-salvemos-nuestros-glaciares\/","url":"https:\/\/nostraigua.cat\/es\/hoy-se-celebra-el-dia-mundial-del-agua-con-el-lema-salvemos-nuestros-glaciares\/","name":"HOY SE CELEBRA EL D\u00cdA MUNDIAL DEL AGUA CON EL LEMA SALVEMOS NUESTROS GLACIARES - Nostraigua","isPartOf":{"@id":"https:\/\/nostraigua.cat\/es\/#website"},"primaryImageOfPage":{"@id":"https:\/\/nostraigua.cat\/es\/hoy-se-celebra-el-dia-mundial-del-agua-con-el-lema-salvemos-nuestros-glaciares\/#primaryimage"},"image":{"@id":"https:\/\/nostraigua.cat\/es\/hoy-se-celebra-el-dia-mundial-del-agua-con-el-lema-salvemos-nuestros-glaciares\/#primaryimage"},"thumbnailUrl":"https:\/\/nostraigua.cat\/wp-content\/uploads\/2025\/03\/imatge-dia-mundial-aigua-25.png","datePublished":"2025-03-21T23:00:06+00:00","author":{"@id":"https:\/\/nostraigua.cat\/es\/#\/schema\/person\/5f8da8f888199e99d7280df61c46696b"},"breadcrumb":{"@id":"https:\/\/nostraigua.cat\/es\/hoy-se-celebra-el-dia-mundial-del-agua-con-el-lema-salvemos-nuestros-glaciares\/#breadcrumb"},"inLanguage":"es","potentialAction":[{"@type":"ReadAction","target":["https:\/\/nostraigua.cat\/es\/hoy-se-celebra-el-dia-mundial-del-agua-con-el-lema-salvemos-nuestros-glaciares\/"]}]},{"@type":"ImageObject","inLanguage":"es","@id":"https:\/\/nostraigua.cat\/es\/hoy-se-celebra-el-dia-mundial-del-agua-con-el-lema-salvemos-nuestros-glaciares\/#primaryimage","url":"https:\/\/nostraigua.cat\/wp-content\/uploads\/2025\/03\/imatge-dia-mundial-aigua-25.png","contentUrl":"https:\/\/nostraigua.cat\/wp-content\/uploads\/2025\/03\/imatge-dia-mundial-aigua-25.png","width":470,"height":396},{"@type":"BreadcrumbList","@id":"https:\/\/nostraigua.cat\/es\/hoy-se-celebra-el-dia-mundial-del-agua-con-el-lema-salvemos-nuestros-glaciares\/#breadcrumb","itemListElement":[{"@type":"ListItem","position":1,"name":"Portada","item":"https:\/\/nostraigua.cat\/es\/"},{"@type":"ListItem","position":2,"name":"HOY SE CELEBRA EL D\u00cdA MUNDIAL DEL AGUA CON EL LEMA SALVEMOS NUESTROS GLACIARES"}]},{"@type":"WebSite","@id":"https:\/\/nostraigua.cat\/es\/#website","url":"https:\/\/nostraigua.cat\/es\/","name":"Nostraigua","description":"Nostraigua","potentialAction":[{"@type":"SearchAction","target":{"@type":"EntryPoint","urlTemplate":"https:\/\/nostraigua.cat\/es\/?s={search_term_string}"},"query-input":{"@type":"PropertyValueSpecification","valueRequired":true,"valueName":"search_term_string"}}],"inLanguage":"es"},{"@type":"Person","@id":"https:\/\/nostraigua.cat\/es\/#\/schema\/person\/5f8da8f888199e99d7280df61c46696b","name":"Sandra Mart\u00ednez","image":{"@type":"ImageObject","inLanguage":"es","@id":"https:\/\/nostraigua.cat\/es\/#\/schema\/person\/image\/","url":"https:\/\/secure.gravatar.com\/avatar\/9022974ff524f30a58d4dafe9b47985343ff045d55f476573cb019639148e912?s=96&r=g","contentUrl":"https:\/\/secure.gravatar.com\/avatar\/9022974ff524f30a58d4dafe9b47985343ff045d55f476573cb019639148e912?s=96&r=g","caption":"Sandra Mart\u00ednez"}}]}},"publishpress_future_action":{"enabled":false,"date":"2026-05-01 04:12:38","action":"change-status","newStatus":"draft","terms":[],"taxonomy":"category","extraData":[]},"publishpress_future_workflow_manual_trigger":{"enabledWorkflows":[]},"_links":{"self":[{"href":"https:\/\/nostraigua.cat\/es\/wp-json\/wp\/v2\/posts\/10316","targetHints":{"allow":["GET"]}}],"collection":[{"href":"https:\/\/nostraigua.cat\/es\/wp-json\/wp\/v2\/posts"}],"about":[{"href":"https:\/\/nostraigua.cat\/es\/wp-json\/wp\/v2\/types\/post"}],"author":[{"embeddable":true,"href":"https:\/\/nostraigua.cat\/es\/wp-json\/wp\/v2\/users\/4"}],"replies":[{"embeddable":true,"href":"https:\/\/nostraigua.cat\/es\/wp-json\/wp\/v2\/comments?post=10316"}],"version-history":[{"count":1,"href":"https:\/\/nostraigua.cat\/es\/wp-json\/wp\/v2\/posts\/10316\/revisions"}],"predecessor-version":[{"id":10317,"href":"https:\/\/nostraigua.cat\/es\/wp-json\/wp\/v2\/posts\/10316\/revisions\/10317"}],"wp:featuredmedia":[{"embeddable":true,"href":"https:\/\/nostraigua.cat\/es\/wp-json\/wp\/v2\/media\/10313"}],"wp:attachment":[{"href":"https:\/\/nostraigua.cat\/es\/wp-json\/wp\/v2\/media?parent=10316"}],"wp:term":[{"taxonomy":"category","embeddable":true,"href":"https:\/\/nostraigua.cat\/es\/wp-json\/wp\/v2\/categories?post=10316"},{"taxonomy":"post_tag","embeddable":true,"href":"https:\/\/nostraigua.cat\/es\/wp-json\/wp\/v2\/tags?post=10316"}],"curies":[{"name":"wp","href":"https:\/\/api.w.org\/{rel}","templated":true}]}}